{"id":63249,"date":"2025-07-20T11:42:52","date_gmt":"2025-07-20T10:42:52","guid":{"rendered":"https:\/\/cinehill.eu\/kora-in-search-of-mountain-legends\/"},"modified":"2025-07-21T18:25:34","modified_gmt":"2025-07-21T17:25:34","slug":"kora-in-search-of-mountain-legends","status":"publish","type":"post","link":"https:\/\/cinehill.eu\/en\/kora-in-search-of-mountain-legends\/","title":{"rendered":"KORA IN SEARCH OF MOUNTAIN LEGENDS"},"content":{"rendered":"\n<p><mark class=\"has-inline-color\" style=\"background-color: #7bdcb5;\">26.7. SATURDAY 15:00 RAKOV JARAK\u00a0<\/mark>&#13;\n&#13;\n<span style=\"font-weight: 400;\">The author of the children\u2019s<\/span>&#13;\n&#13;\n<span style=\"font-weight: 400;\">Kora is no ordinary girl, and the Mountain Kingdom is no ordinary world. The author of the children\u2019s novel <\/span><i><span style=\"font-weight: 400;\">Kora and the Enchanted Spring,<\/span><\/i><span style=\"font-weight: 400;\"> Franka Bla\u017ei\u0107, and illustrator Klara Stilinovi\u0107 Tu\u0161ek have prepared a story for the youngest audience members set in the magical Gorski Kotar, where creatures from myths and legends, fairies and elves, and forest guardians come to life. In addition to the story, the kids will be able to play and make drawings.<\/span><\/p>\n","protected":false},"excerpt":{"rendered":"<p>26.7. SATURDAY 15:00 RAKOV JARAK\u00a0&#13; &#13; The author of the children\u2019s&#13; &#13; Kora is no ordinary girl, and the Mountain Kingdom is no ordinary world. The author of the children\u2019s novel Kora and the Enchanted Spring, Franka Bla\u017ei\u0107, and illustrator Klara Stilinovi\u0107 Tu\u0161ek have prepared a story for the youngest audience members set in the [&hellip;]<\/p>\n","protected":false},"author":9,"featured_media":63253,"comment_status":"open","ping_status":"open","sticky":false,"template":"","format":"standard","meta":{"_acf_changed":false,"_monsterinsights_skip_tracking":false,"_monsterinsights_sitenote_active":false,"_monsterinsights_sitenote_note":"","_monsterinsights_sitenote_category":0,"_view_id":"","footnotes":""},"categories":[595,481],"tags":[],"class_list":["post-63249","post","type-post","status-publish","format-standard","has-post-thumbnail","hentry","category-cinnehill-2025-en","category-side-events"],"acf":[],"yoast_head":"<!-- This site is optimized with the Yoast SEO plugin v26.9 - https:\/\/yoast.com\/product\/yoast-seo-wordpress\/ -->\n<title>KORA IN SEARCH OF MOUNTAIN LEGENDS - Cinehill Film Festival<\/title>\n<meta name=\"robots\" content=\"index, follow, max-snippet:-1, max-image-preview:large, max-video-preview:-1\" \/>\n<link rel=\"canonical\" href=\"https:\/\/cinehill.eu\/en\/kora-in-search-of-mountain-legends\/\" \/>\n<meta property=\"og:locale\" content=\"en_US\" \/>\n<meta property=\"og:type\" content=\"article\" \/>\n<meta property=\"og:title\" content=\"KORA IN SEARCH OF MOUNTAIN LEGENDS - Cinehill Film Festival\" \/>\n<meta property=\"og:description\" content=\"26.7. SATURDAY 15:00 RAKOV JARAK\u00a0&#013; &#013; The author of the children\u2019s&#013; &#013; Kora is no ordinary girl, and the Mountain Kingdom is no ordinary world. The author of the children\u2019s novel Kora and the Enchanted Spring, Franka Bla\u017ei\u0107, and illustrator Klara Stilinovi\u0107 Tu\u0161ek have prepared a story for the youngest audience members set in the [&hellip;]\" \/>\n<meta property=\"og:url\" content=\"https:\/\/cinehill.eu\/en\/kora-in-search-of-mountain-legends\/\" \/>\n<meta property=\"og:site_name\" content=\"Cinehill Film Festival\" \/>\n<meta property=\"article:publisher\" content=\"https:\/\/www.facebook.com\/MotovunFilmFestival\/\" \/>\n<meta property=\"article:published_time\" content=\"2025-07-20T10:42:52+00:00\" \/>\n<meta property=\"article:modified_time\" content=\"2025-07-21T17:25:34+00:00\" \/>\n<meta property=\"og:image\" content=\"https:\/\/cinehill.eu\/wp-content\/uploads\/2025\/07\/KORA-I-ZACARANI-IZVOR.jpg-e1753008372339.webp\" \/>\n\t<meta property=\"og:image:width\" content=\"477\" \/>\n\t<meta property=\"og:image:height\" content=\"737\" \/>\n\t<meta property=\"og:image:type\" content=\"image\/webp\" \/>\n<meta name=\"author\" content=\"Ana Papo\" \/>\n<meta name=\"twitter:card\" content=\"summary_large_image\" \/>\n<meta name=\"twitter:label1\" content=\"Written by\" \/>\n\t<meta name=\"twitter:data1\" content=\"Ana Papo\" \/>\n<script type=\"application\/ld+json\" class=\"yoast-schema-graph\">{\"@context\":\"https:\/\/schema.org\",\"@graph\":[{\"@type\":\"Article\",\"@id\":\"https:\/\/cinehill.eu\/en\/kora-in-search-of-mountain-legends\/#article\",\"isPartOf\":{\"@id\":\"https:\/\/cinehill.eu\/en\/kora-in-search-of-mountain-legends\/\"},\"author\":{\"name\":\"Ana Papo\",\"@id\":\"https:\/\/cinehill.eu\/en\/#\/schema\/person\/48cbd0cb74aa1ad8d5dc85707459aa2d\"},\"headline\":\"KORA IN SEARCH OF MOUNTAIN LEGENDS\",\"datePublished\":\"2025-07-20T10:42:52+00:00\",\"dateModified\":\"2025-07-21T17:25:34+00:00\",\"mainEntityOfPage\":{\"@id\":\"https:\/\/cinehill.eu\/en\/kora-in-search-of-mountain-legends\/\"},\"wordCount\":94,\"commentCount\":0,\"publisher\":{\"@id\":\"https:\/\/cinehill.eu\/en\/#organization\"},\"image\":{\"@id\":\"https:\/\/cinehill.eu\/en\/kora-in-search-of-mountain-legends\/#primaryimage\"},\"thumbnailUrl\":\"https:\/\/cinehill.eu\/wp-content\/uploads\/2025\/07\/KORA-I-ZACARANI-IZVOR.jpg-e1753008372339.webp\",\"articleSection\":[\"Cinnehill-2025\",\"Side Events\"],\"inLanguage\":\"en-US\",\"potentialAction\":[{\"@type\":\"CommentAction\",\"name\":\"Comment\",\"target\":[\"https:\/\/cinehill.eu\/en\/kora-in-search-of-mountain-legends\/#respond\"]}]},{\"@type\":\"WebPage\",\"@id\":\"https:\/\/cinehill.eu\/en\/kora-in-search-of-mountain-legends\/\",\"url\":\"https:\/\/cinehill.eu\/en\/kora-in-search-of-mountain-legends\/\",\"name\":\"KORA IN SEARCH OF MOUNTAIN LEGENDS - Cinehill Film Festival\",\"isPartOf\":{\"@id\":\"https:\/\/cinehill.eu\/en\/#website\"},\"primaryImageOfPage\":{\"@id\":\"https:\/\/cinehill.eu\/en\/kora-in-search-of-mountain-legends\/#primaryimage\"},\"image\":{\"@id\":\"https:\/\/cinehill.eu\/en\/kora-in-search-of-mountain-legends\/#primaryimage\"},\"thumbnailUrl\":\"https:\/\/cinehill.eu\/wp-content\/uploads\/2025\/07\/KORA-I-ZACARANI-IZVOR.jpg-e1753008372339.webp\",\"datePublished\":\"2025-07-20T10:42:52+00:00\",\"dateModified\":\"2025-07-21T17:25:34+00:00\",\"breadcrumb\":{\"@id\":\"https:\/\/cinehill.eu\/en\/kora-in-search-of-mountain-legends\/#breadcrumb\"},\"inLanguage\":\"en-US\",\"potentialAction\":[{\"@type\":\"ReadAction\",\"target\":[\"https:\/\/cinehill.eu\/en\/kora-in-search-of-mountain-legends\/\"]}]},{\"@type\":\"ImageObject\",\"inLanguage\":\"en-US\",\"@id\":\"https:\/\/cinehill.eu\/en\/kora-in-search-of-mountain-legends\/#primaryimage\",\"url\":\"https:\/\/cinehill.eu\/wp-content\/uploads\/2025\/07\/KORA-I-ZACARANI-IZVOR.jpg-e1753008372339.webp\",\"contentUrl\":\"https:\/\/cinehill.eu\/wp-content\/uploads\/2025\/07\/KORA-I-ZACARANI-IZVOR.jpg-e1753008372339.webp\",\"width\":477,\"height\":737},{\"@type\":\"BreadcrumbList\",\"@id\":\"https:\/\/cinehill.eu\/en\/kora-in-search-of-mountain-legends\/#breadcrumb\",\"itemListElement\":[{\"@type\":\"ListItem\",\"position\":1,\"name\":\"Po\u010detna stranica\",\"item\":\"https:\/\/cinehill.eu\/en\/\"},{\"@type\":\"ListItem\",\"position\":2,\"name\":\"KORA IN SEARCH OF MOUNTAIN LEGENDS\"}]},{\"@type\":\"WebSite\",\"@id\":\"https:\/\/cinehill.eu\/en\/#website\",\"url\":\"https:\/\/cinehill.eu\/en\/\",\"name\":\"Cinehill Film Festival\",\"description\":\"Cinehill je festival s du\u0161om!\",\"publisher\":{\"@id\":\"https:\/\/cinehill.eu\/en\/#organization\"},\"potentialAction\":[{\"@type\":\"SearchAction\",\"target\":{\"@type\":\"EntryPoint\",\"urlTemplate\":\"https:\/\/cinehill.eu\/en\/?s={search_term_string}\"},\"query-input\":{\"@type\":\"PropertyValueSpecification\",\"valueRequired\":true,\"valueName\":\"search_term_string\"}}],\"inLanguage\":\"en-US\"},{\"@type\":\"Organization\",\"@id\":\"https:\/\/cinehill.eu\/en\/#organization\",\"name\":\"Motovun film festival\",\"url\":\"https:\/\/cinehill.eu\/en\/\",\"logo\":{\"@type\":\"ImageObject\",\"inLanguage\":\"en-US\",\"@id\":\"https:\/\/cinehill.eu\/en\/#\/schema\/logo\/image\/\",\"url\":\"https:\/\/cinehill.eu\/wp-content\/uploads\/2019\/07\/znak-mff.png\",\"contentUrl\":\"https:\/\/cinehill.eu\/wp-content\/uploads\/2019\/07\/znak-mff.png\",\"width\":163,\"height\":164,\"caption\":\"Motovun film festival\"},\"image\":{\"@id\":\"https:\/\/cinehill.eu\/en\/#\/schema\/logo\/image\/\"},\"sameAs\":[\"https:\/\/www.facebook.com\/MotovunFilmFestival\/\"]},{\"@type\":\"Person\",\"@id\":\"https:\/\/cinehill.eu\/en\/#\/schema\/person\/48cbd0cb74aa1ad8d5dc85707459aa2d\",\"name\":\"Ana Papo\",\"image\":{\"@type\":\"ImageObject\",\"inLanguage\":\"en-US\",\"@id\":\"https:\/\/cinehill.eu\/en\/#\/schema\/person\/image\/\",\"url\":\"https:\/\/secure.gravatar.com\/avatar\/d3e8c1d191cd595488bba90efbbd2e6c71b9cb9a4930459b86ed6a6e3f1dba55?s=96&d=mm&r=g\",\"contentUrl\":\"https:\/\/secure.gravatar.com\/avatar\/d3e8c1d191cd595488bba90efbbd2e6c71b9cb9a4930459b86ed6a6e3f1dba55?s=96&d=mm&r=g\",\"caption\":\"Ana Papo\"},\"url\":\"https:\/\/cinehill.eu\/en\/author\/ana\/\"}]}<\/script>\n<!-- \/ Yoast SEO plugin. -->","yoast_head_json":{"title":"KORA IN SEARCH OF MOUNTAIN LEGENDS - Cinehill Film Festival","robots":{"index":"index","follow":"follow","max-snippet":"max-snippet:-1","max-image-preview":"max-image-preview:large","max-video-preview":"max-video-preview:-1"},"canonical":"https:\/\/cinehill.eu\/en\/kora-in-search-of-mountain-legends\/","og_locale":"en_US","og_type":"article","og_title":"KORA IN SEARCH OF MOUNTAIN LEGENDS - Cinehill Film Festival","og_description":"26.7. SATURDAY 15:00 RAKOV JARAK\u00a0&#13; &#13; The author of the children\u2019s&#13; &#13; Kora is no ordinary girl, and the Mountain Kingdom is no ordinary world. The author of the children\u2019s novel Kora and the Enchanted Spring, Franka Bla\u017ei\u0107, and illustrator Klara Stilinovi\u0107 Tu\u0161ek have prepared a story for the youngest audience members set in the [&hellip;]","og_url":"https:\/\/cinehill.eu\/en\/kora-in-search-of-mountain-legends\/","og_site_name":"Cinehill Film Festival","article_publisher":"https:\/\/www.facebook.com\/MotovunFilmFestival\/","article_published_time":"2025-07-20T10:42:52+00:00","article_modified_time":"2025-07-21T17:25:34+00:00","og_image":[{"width":477,"height":737,"url":"https:\/\/cinehill.eu\/wp-content\/uploads\/2025\/07\/KORA-I-ZACARANI-IZVOR.jpg-e1753008372339.webp","type":"image\/webp"}],"author":"Ana Papo","twitter_card":"summary_large_image","twitter_misc":{"Written by":"Ana Papo"},"schema":{"@context":"https:\/\/schema.org","@graph":[{"@type":"Article","@id":"https:\/\/cinehill.eu\/en\/kora-in-search-of-mountain-legends\/#article","isPartOf":{"@id":"https:\/\/cinehill.eu\/en\/kora-in-search-of-mountain-legends\/"},"author":{"name":"Ana Papo","@id":"https:\/\/cinehill.eu\/en\/#\/schema\/person\/48cbd0cb74aa1ad8d5dc85707459aa2d"},"headline":"KORA IN SEARCH OF MOUNTAIN LEGENDS","datePublished":"2025-07-20T10:42:52+00:00","dateModified":"2025-07-21T17:25:34+00:00","mainEntityOfPage":{"@id":"https:\/\/cinehill.eu\/en\/kora-in-search-of-mountain-legends\/"},"wordCount":94,"commentCount":0,"publisher":{"@id":"https:\/\/cinehill.eu\/en\/#organization"},"image":{"@id":"https:\/\/cinehill.eu\/en\/kora-in-search-of-mountain-legends\/#primaryimage"},"thumbnailUrl":"https:\/\/cinehill.eu\/wp-content\/uploads\/2025\/07\/KORA-I-ZACARANI-IZVOR.jpg-e1753008372339.webp","articleSection":["Cinnehill-2025","Side Events"],"inLanguage":"en-US","potentialAction":[{"@type":"CommentAction","name":"Comment","target":["https:\/\/cinehill.eu\/en\/kora-in-search-of-mountain-legends\/#respond"]}]},{"@type":"WebPage","@id":"https:\/\/cinehill.eu\/en\/kora-in-search-of-mountain-legends\/","url":"https:\/\/cinehill.eu\/en\/kora-in-search-of-mountain-legends\/","name":"KORA IN SEARCH OF MOUNTAIN LEGENDS - Cinehill Film Festival","isPartOf":{"@id":"https:\/\/cinehill.eu\/en\/#website"},"primaryImageOfPage":{"@id":"https:\/\/cinehill.eu\/en\/kora-in-search-of-mountain-legends\/#primaryimage"},"image":{"@id":"https:\/\/cinehill.eu\/en\/kora-in-search-of-mountain-legends\/#primaryimage"},"thumbnailUrl":"https:\/\/cinehill.eu\/wp-content\/uploads\/2025\/07\/KORA-I-ZACARANI-IZVOR.jpg-e1753008372339.webp","datePublished":"2025-07-20T10:42:52+00:00","dateModified":"2025-07-21T17:25:34+00:00","breadcrumb":{"@id":"https:\/\/cinehill.eu\/en\/kora-in-search-of-mountain-legends\/#breadcrumb"},"inLanguage":"en-US","potentialAction":[{"@type":"ReadAction","target":["https:\/\/cinehill.eu\/en\/kora-in-search-of-mountain-legends\/"]}]},{"@type":"ImageObject","inLanguage":"en-US","@id":"https:\/\/cinehill.eu\/en\/kora-in-search-of-mountain-legends\/#primaryimage","url":"https:\/\/cinehill.eu\/wp-content\/uploads\/2025\/07\/KORA-I-ZACARANI-IZVOR.jpg-e1753008372339.webp","contentUrl":"https:\/\/cinehill.eu\/wp-content\/uploads\/2025\/07\/KORA-I-ZACARANI-IZVOR.jpg-e1753008372339.webp","width":477,"height":737},{"@type":"BreadcrumbList","@id":"https:\/\/cinehill.eu\/en\/kora-in-search-of-mountain-legends\/#breadcrumb","itemListElement":[{"@type":"ListItem","position":1,"name":"Po\u010detna stranica","item":"https:\/\/cinehill.eu\/en\/"},{"@type":"ListItem","position":2,"name":"KORA IN SEARCH OF MOUNTAIN LEGENDS"}]},{"@type":"WebSite","@id":"https:\/\/cinehill.eu\/en\/#website","url":"https:\/\/cinehill.eu\/en\/","name":"Cinehill Film Festival","description":"Cinehill je festival s du\u0161om!","publisher":{"@id":"https:\/\/cinehill.eu\/en\/#organization"},"potentialAction":[{"@type":"SearchAction","target":{"@type":"EntryPoint","urlTemplate":"https:\/\/cinehill.eu\/en\/?s={search_term_string}"},"query-input":{"@type":"PropertyValueSpecification","valueRequired":true,"valueName":"search_term_string"}}],"inLanguage":"en-US"},{"@type":"Organization","@id":"https:\/\/cinehill.eu\/en\/#organization","name":"Motovun film festival","url":"https:\/\/cinehill.eu\/en\/","logo":{"@type":"ImageObject","inLanguage":"en-US","@id":"https:\/\/cinehill.eu\/en\/#\/schema\/logo\/image\/","url":"https:\/\/cinehill.eu\/wp-content\/uploads\/2019\/07\/znak-mff.png","contentUrl":"https:\/\/cinehill.eu\/wp-content\/uploads\/2019\/07\/znak-mff.png","width":163,"height":164,"caption":"Motovun film festival"},"image":{"@id":"https:\/\/cinehill.eu\/en\/#\/schema\/logo\/image\/"},"sameAs":["https:\/\/www.facebook.com\/MotovunFilmFestival\/"]},{"@type":"Person","@id":"https:\/\/cinehill.eu\/en\/#\/schema\/person\/48cbd0cb74aa1ad8d5dc85707459aa2d","name":"Ana Papo","image":{"@type":"ImageObject","inLanguage":"en-US","@id":"https:\/\/cinehill.eu\/en\/#\/schema\/person\/image\/","url":"https:\/\/secure.gravatar.com\/avatar\/d3e8c1d191cd595488bba90efbbd2e6c71b9cb9a4930459b86ed6a6e3f1dba55?s=96&d=mm&r=g","contentUrl":"https:\/\/secure.gravatar.com\/avatar\/d3e8c1d191cd595488bba90efbbd2e6c71b9cb9a4930459b86ed6a6e3f1dba55?s=96&d=mm&r=g","caption":"Ana Papo"},"url":"https:\/\/cinehill.eu\/en\/author\/ana\/"}]}},"_links":{"self":[{"href":"https:\/\/cinehill.eu\/en\/wp-json\/wp\/v2\/posts\/63249","targetHints":{"allow":["GET"]}}],"collection":[{"href":"https:\/\/cinehill.eu\/en\/wp-json\/wp\/v2\/posts"}],"about":[{"href":"https:\/\/cinehill.eu\/en\/wp-json\/wp\/v2\/types\/post"}],"author":[{"embeddable":true,"href":"https:\/\/cinehill.eu\/en\/wp-json\/wp\/v2\/users\/9"}],"replies":[{"embeddable":true,"href":"https:\/\/cinehill.eu\/en\/wp-json\/wp\/v2\/comments?post=63249"}],"version-history":[{"count":6,"href":"https:\/\/cinehill.eu\/en\/wp-json\/wp\/v2\/posts\/63249\/revisions"}],"predecessor-version":[{"id":63426,"href":"https:\/\/cinehill.eu\/en\/wp-json\/wp\/v2\/posts\/63249\/revisions\/63426"}],"wp:featuredmedia":[{"embeddable":true,"href":"https:\/\/cinehill.eu\/en\/wp-json\/wp\/v2\/media\/63253"}],"wp:attachment":[{"href":"https:\/\/cinehill.eu\/en\/wp-json\/wp\/v2\/media?parent=63249"}],"wp:term":[{"taxonomy":"category","embeddable":true,"href":"https:\/\/cinehill.eu\/en\/wp-json\/wp\/v2\/categories?post=63249"},{"taxonomy":"post_tag","embeddable":true,"href":"https:\/\/cinehill.eu\/en\/wp-json\/wp\/v2\/tags?post=63249"}],"curies":[{"name":"wp","href":"https:\/\/api.w.org\/{rel}","templated":true}]}}