{"id":50969,"date":"2023-07-25T14:00:48","date_gmt":"2023-07-25T13:00:48","guid":{"rendered":"https:\/\/motovunfilmfestival.com\/cinehill-motovun-arrives-to-petehovac\/"},"modified":"2023-07-27T15:42:50","modified_gmt":"2023-07-27T14:42:50","slug":"cinehill-motovun-arrives-to-petehovac","status":"publish","type":"post","link":"https:\/\/cinehill.eu\/en\/cinehill-motovun-arrives-to-petehovac\/","title":{"rendered":"Cinehill Motovun arrives to Petehovac!"},"content":{"rendered":"\n<p>The screens in Motovun are coming down, Cinehill is packing its bags, at the age of 25 moving out of the family home, and hitting the road, up a new mountain! From 277 metres above sea level in Motovun, we climb to the mountainous 1035 metres on <strong>Petehovac mountain above Delnice<\/strong>. In a specially decorated, fairy-tale environment <strong>26 \u2013 29 July<\/strong>, the festival embarks on a new story with a concept similar to the one before \u2013 numerous independent films, music, artistic and other events coupled with a lot of relaxation and hedonism.<\/p>\n\n<p>The festival continues on <strong>25 July<\/strong>, on day zero of the festival in Gorski Kotar, with a screening of one episode of <a href=\"https:\/\/motovunfilmfestival.com\/en\/film\/kapelski-kresovi-episode-4-louisiana-louisiana-who-do-you-belong-to\/\"><strong><em>Kapelski kresovi<\/em><\/strong><\/a> on <strong>25 July. There has been a change of location for the screening, from the bathing area \u201cStari Motel\u201d to the cultural centre (Dom kulture) in Lokve<\/strong>. In the series filmed almost 50 years ago precisely in Gorski Kotar, one of the roles that marked his career was played by actor <a href=\"https:\/\/motovunfilmfestival.com\/en\/zdenko-jelcic-ignites-the-flame-50-years-award\/\"><strong>Zdenko Jel\u010di\u0107<\/strong><\/a> who will be presented with the award for a career spanning 50 year at Petehovac. The series was based on the novel written by Veljko Kova\u010devi\u0107 and follows the events in Gorski Kotar and the Croatian Littoral during World War II, centring on poorly armed Partisan groups opposing the Italian occupation.<\/p>\n\n<p>The film program at Petehovac kicks off on Wednesday with a screening of the Italian apocalyptic eco-drama <a href=\"https:\/\/motovunfilmfestival.com\/en\/film\/dry\/\"><strong><em>Dry<\/em><\/strong><\/a> directed by <strong>Paoli Virz\u00ec<\/strong>, about a three-year dry spell in Rome. The side program starts on the same day, with one of the events promoting coexistence with nature \u2013 the workshop titled \u201cFace to Beak with Birds of Prey\u201d. The first day at Petehovac will also be marked by the performance of one of the youngest DJs in the world \u2013 eight-year-old DJ Svemir, who spins funk and related genres on vinyl, while the evening will end with a performance by Mile Kekin.<\/p>\n\n<p>Four days of highland pleasure will be marked by a rich film program consisting of several award-winning titles and festival hits, set in different parts of the globe. These include an intriguing Bulgarian drama, <a href=\"https:\/\/motovunfilmfestival.com\/en\/film\/blagas-lessons\/\"><strong><em>Blaga\u2019s Lessons<\/em><\/strong><\/a>, Kazakhstani feel-good road movie <a href=\"https:\/\/motovunfilmfestival.com\/en\/film\/mountain-onion\/\"><strong><em>Mountain Onion<\/em><\/strong><\/a>, a poetic Canadia coming-of-age story, <a href=\"https:\/\/motovunfilmfestival.com\/en\/film\/falcon-lake\/\"><strong><em>Falcon<\/em><\/strong><\/a><strong><em> Lake<\/em><\/strong> and Polish <a href=\"https:\/\/motovunfilmfestival.com\/en\/film\/bread-and-salt\/\"><strong><em>Bread and Salt<\/em><\/strong><\/a> tackling animosities faced by immigrants. The festival will close on Saturday with the screening of Czech dystopian thriller <a href=\"https:\/\/motovunfilmfestival.com\/en\/film\/restore-point\/\"><strong><em>Restore Point<\/em><\/strong><\/a>.<\/p>\n\n<p>Djeca and the bands 4head and Skuplja\u010di perja will also perform in the rich music program, alongside actor Filip Ri\u0111i\u010dki and theatre director Mario Kova\u010d in DJ roles, while a special treat on the program will be the cult musical The Rocky Horror Picture Show. A series of events will also highlight the need for environmental preservation and coexistence with nature, such as workshops on wild animals, walking tours and yoga practice.<\/p>\n\n<p>Wine and gastronomic events are in store as well, with educational talks and tasting titled \u201cWine and Film &#8211; Autochthonous varieties of Kvarner and Cinehill Festival love each other in public\u201d, where nine wines from autochthonous varieties of the Kvarner region will be presented on 27 and 28 July at Petehovac.<\/p>\n\n<p>This year, Cinehill Motovun Film Festival is held with the support of the Primorje-Gorski Kotar County, Kvarner Tourist Board and Croatian Audiovisual Centre.<\/p>\n\n<p>Tickets for the film program are available online at: <a href=\"https:\/\/motovunfilmfestival.com\/en\/tickets-2\/\">https:\/\/motovunfilmfestival.com\/en\/tickets-2\/<\/a><\/p>\n","protected":false},"excerpt":{"rendered":"<p>The screens in Motovun are coming down, Cinehill is packing its bags, at the age of 25 moving out of the family home, and hitting the road, up a new mountain! From 277 metres above sea level in Motovun, we climb to the mountainous 1035 metres on Petehovac mountain above Delnice. In a specially decorated, [&hellip;]<\/p>\n","protected":false},"author":8,"featured_media":50734,"comment_status":"open","ping_status":"open","sticky":false,"template":"","format":"standard","meta":{"_acf_changed":false,"_monsterinsights_skip_tracking":false,"_monsterinsights_sitenote_active":false,"_monsterinsights_sitenote_note":"","_monsterinsights_sitenote_category":0,"_view_id":"","footnotes":""},"categories":[399,40,420],"tags":[],"class_list":["post-50969","post","type-post","status-publish","format-standard","has-post-thumbnail","hentry","category-mff-2023-en","category-news","category-press-en-3"],"acf":[],"yoast_head":"<!-- This site is optimized with the Yoast SEO plugin v26.9 - https:\/\/yoast.com\/product\/yoast-seo-wordpress\/ -->\n<title>Cinehill Motovun arrives to Petehovac! - Cinehill Film Festival<\/title>\n<meta name=\"robots\" content=\"index, follow, max-snippet:-1, max-image-preview:large, max-video-preview:-1\" \/>\n<link rel=\"canonical\" href=\"https:\/\/cinehill.eu\/en\/cinehill-motovun-arrives-to-petehovac\/\" \/>\n<meta property=\"og:locale\" content=\"en_US\" \/>\n<meta property=\"og:type\" content=\"article\" \/>\n<meta property=\"og:title\" content=\"Cinehill Motovun arrives to Petehovac! - Cinehill Film Festival\" \/>\n<meta property=\"og:description\" content=\"The screens in Motovun are coming down, Cinehill is packing its bags, at the age of 25 moving out of the family home, and hitting the road, up a new mountain! From 277 metres above sea level in Motovun, we climb to the mountainous 1035 metres on Petehovac mountain above Delnice. In a specially decorated, [&hellip;]\" \/>\n<meta property=\"og:url\" content=\"https:\/\/cinehill.eu\/en\/cinehill-motovun-arrives-to-petehovac\/\" \/>\n<meta property=\"og:site_name\" content=\"Cinehill Film Festival\" \/>\n<meta property=\"article:publisher\" content=\"https:\/\/www.facebook.com\/MotovunFilmFestival\/\" \/>\n<meta property=\"article:published_time\" content=\"2023-07-25T13:00:48+00:00\" \/>\n<meta property=\"article:modified_time\" content=\"2023-07-27T14:42:50+00:00\" \/>\n<meta property=\"og:image\" content=\"https:\/\/cinehill.eu\/wp-content\/uploads\/2023\/07\/Vidikovac-Petehovac.jpg\" \/>\n\t<meta property=\"og:image:width\" content=\"2048\" \/>\n\t<meta property=\"og:image:height\" content=\"1225\" \/>\n\t<meta property=\"og:image:type\" content=\"image\/jpeg\" \/>\n<meta name=\"author\" content=\"Valentina\" \/>\n<meta name=\"twitter:card\" content=\"summary_large_image\" \/>\n<meta name=\"twitter:label1\" content=\"Written by\" \/>\n\t<meta name=\"twitter:data1\" content=\"Valentina\" \/>\n\t<meta name=\"twitter:label2\" content=\"Est. reading time\" \/>\n\t<meta name=\"twitter:data2\" content=\"3 minutes\" \/>\n<script type=\"application\/ld+json\" class=\"yoast-schema-graph\">{\"@context\":\"https:\/\/schema.org\",\"@graph\":[{\"@type\":\"Article\",\"@id\":\"https:\/\/cinehill.eu\/en\/cinehill-motovun-arrives-to-petehovac\/#article\",\"isPartOf\":{\"@id\":\"https:\/\/cinehill.eu\/en\/cinehill-motovun-arrives-to-petehovac\/\"},\"author\":{\"name\":\"Valentina\",\"@id\":\"https:\/\/cinehill.eu\/en\/#\/schema\/person\/4e2f7276227b1c80ce76450fd25203c2\"},\"headline\":\"Cinehill Motovun arrives to Petehovac!\",\"datePublished\":\"2023-07-25T13:00:48+00:00\",\"dateModified\":\"2023-07-27T14:42:50+00:00\",\"mainEntityOfPage\":{\"@id\":\"https:\/\/cinehill.eu\/en\/cinehill-motovun-arrives-to-petehovac\/\"},\"wordCount\":552,\"commentCount\":0,\"publisher\":{\"@id\":\"https:\/\/cinehill.eu\/en\/#organization\"},\"image\":{\"@id\":\"https:\/\/cinehill.eu\/en\/cinehill-motovun-arrives-to-petehovac\/#primaryimage\"},\"thumbnailUrl\":\"https:\/\/cinehill.eu\/wp-content\/uploads\/2023\/07\/Vidikovac-Petehovac.jpg\",\"articleSection\":[\"MFF-2023\",\"News\",\"Press\"],\"inLanguage\":\"en-US\",\"potentialAction\":[{\"@type\":\"CommentAction\",\"name\":\"Comment\",\"target\":[\"https:\/\/cinehill.eu\/en\/cinehill-motovun-arrives-to-petehovac\/#respond\"]}]},{\"@type\":\"WebPage\",\"@id\":\"https:\/\/cinehill.eu\/en\/cinehill-motovun-arrives-to-petehovac\/\",\"url\":\"https:\/\/cinehill.eu\/en\/cinehill-motovun-arrives-to-petehovac\/\",\"name\":\"Cinehill Motovun arrives to Petehovac! - Cinehill Film Festival\",\"isPartOf\":{\"@id\":\"https:\/\/cinehill.eu\/en\/#website\"},\"primaryImageOfPage\":{\"@id\":\"https:\/\/cinehill.eu\/en\/cinehill-motovun-arrives-to-petehovac\/#primaryimage\"},\"image\":{\"@id\":\"https:\/\/cinehill.eu\/en\/cinehill-motovun-arrives-to-petehovac\/#primaryimage\"},\"thumbnailUrl\":\"https:\/\/cinehill.eu\/wp-content\/uploads\/2023\/07\/Vidikovac-Petehovac.jpg\",\"datePublished\":\"2023-07-25T13:00:48+00:00\",\"dateModified\":\"2023-07-27T14:42:50+00:00\",\"breadcrumb\":{\"@id\":\"https:\/\/cinehill.eu\/en\/cinehill-motovun-arrives-to-petehovac\/#breadcrumb\"},\"inLanguage\":\"en-US\",\"potentialAction\":[{\"@type\":\"ReadAction\",\"target\":[\"https:\/\/cinehill.eu\/en\/cinehill-motovun-arrives-to-petehovac\/\"]}]},{\"@type\":\"ImageObject\",\"inLanguage\":\"en-US\",\"@id\":\"https:\/\/cinehill.eu\/en\/cinehill-motovun-arrives-to-petehovac\/#primaryimage\",\"url\":\"https:\/\/cinehill.eu\/wp-content\/uploads\/2023\/07\/Vidikovac-Petehovac.jpg\",\"contentUrl\":\"https:\/\/cinehill.eu\/wp-content\/uploads\/2023\/07\/Vidikovac-Petehovac.jpg\",\"width\":2048,\"height\":1225},{\"@type\":\"BreadcrumbList\",\"@id\":\"https:\/\/cinehill.eu\/en\/cinehill-motovun-arrives-to-petehovac\/#breadcrumb\",\"itemListElement\":[{\"@type\":\"ListItem\",\"position\":1,\"name\":\"Po\u010detna stranica\",\"item\":\"https:\/\/cinehill.eu\/en\/\"},{\"@type\":\"ListItem\",\"position\":2,\"name\":\"Cinehill Motovun arrives to Petehovac!\"}]},{\"@type\":\"WebSite\",\"@id\":\"https:\/\/cinehill.eu\/en\/#website\",\"url\":\"https:\/\/cinehill.eu\/en\/\",\"name\":\"Cinehill Film Festival\",\"description\":\"Cinehill je festival s du\u0161om!\",\"publisher\":{\"@id\":\"https:\/\/cinehill.eu\/en\/#organization\"},\"potentialAction\":[{\"@type\":\"SearchAction\",\"target\":{\"@type\":\"EntryPoint\",\"urlTemplate\":\"https:\/\/cinehill.eu\/en\/?s={search_term_string}\"},\"query-input\":{\"@type\":\"PropertyValueSpecification\",\"valueRequired\":true,\"valueName\":\"search_term_string\"}}],\"inLanguage\":\"en-US\"},{\"@type\":\"Organization\",\"@id\":\"https:\/\/cinehill.eu\/en\/#organization\",\"name\":\"Motovun film festival\",\"url\":\"https:\/\/cinehill.eu\/en\/\",\"logo\":{\"@type\":\"ImageObject\",\"inLanguage\":\"en-US\",\"@id\":\"https:\/\/cinehill.eu\/en\/#\/schema\/logo\/image\/\",\"url\":\"https:\/\/cinehill.eu\/wp-content\/uploads\/2019\/07\/znak-mff.png\",\"contentUrl\":\"https:\/\/cinehill.eu\/wp-content\/uploads\/2019\/07\/znak-mff.png\",\"width\":163,\"height\":164,\"caption\":\"Motovun film festival\"},\"image\":{\"@id\":\"https:\/\/cinehill.eu\/en\/#\/schema\/logo\/image\/\"},\"sameAs\":[\"https:\/\/www.facebook.com\/MotovunFilmFestival\/\"]},{\"@type\":\"Person\",\"@id\":\"https:\/\/cinehill.eu\/en\/#\/schema\/person\/4e2f7276227b1c80ce76450fd25203c2\",\"name\":\"Valentina\",\"image\":{\"@type\":\"ImageObject\",\"inLanguage\":\"en-US\",\"@id\":\"https:\/\/cinehill.eu\/en\/#\/schema\/person\/image\/\",\"url\":\"https:\/\/secure.gravatar.com\/avatar\/25ce6d62f3144e7aa68a3aa02ede87d8233b9ec969c6089838e1f63094c9cf37?s=96&d=mm&r=g\",\"contentUrl\":\"https:\/\/secure.gravatar.com\/avatar\/25ce6d62f3144e7aa68a3aa02ede87d8233b9ec969c6089838e1f63094c9cf37?s=96&d=mm&r=g\",\"caption\":\"Valentina\"},\"url\":\"https:\/\/cinehill.eu\/en\/author\/valentina\/\"}]}<\/script>\n<!-- \/ Yoast SEO plugin. -->","yoast_head_json":{"title":"Cinehill Motovun arrives to Petehovac! - Cinehill Film Festival","robots":{"index":"index","follow":"follow","max-snippet":"max-snippet:-1","max-image-preview":"max-image-preview:large","max-video-preview":"max-video-preview:-1"},"canonical":"https:\/\/cinehill.eu\/en\/cinehill-motovun-arrives-to-petehovac\/","og_locale":"en_US","og_type":"article","og_title":"Cinehill Motovun arrives to Petehovac! - Cinehill Film Festival","og_description":"The screens in Motovun are coming down, Cinehill is packing its bags, at the age of 25 moving out of the family home, and hitting the road, up a new mountain! From 277 metres above sea level in Motovun, we climb to the mountainous 1035 metres on Petehovac mountain above Delnice. In a specially decorated, [&hellip;]","og_url":"https:\/\/cinehill.eu\/en\/cinehill-motovun-arrives-to-petehovac\/","og_site_name":"Cinehill Film Festival","article_publisher":"https:\/\/www.facebook.com\/MotovunFilmFestival\/","article_published_time":"2023-07-25T13:00:48+00:00","article_modified_time":"2023-07-27T14:42:50+00:00","og_image":[{"width":2048,"height":1225,"url":"https:\/\/cinehill.eu\/wp-content\/uploads\/2023\/07\/Vidikovac-Petehovac.jpg","type":"image\/jpeg"}],"author":"Valentina","twitter_card":"summary_large_image","twitter_misc":{"Written by":"Valentina","Est. reading time":"3 minutes"},"schema":{"@context":"https:\/\/schema.org","@graph":[{"@type":"Article","@id":"https:\/\/cinehill.eu\/en\/cinehill-motovun-arrives-to-petehovac\/#article","isPartOf":{"@id":"https:\/\/cinehill.eu\/en\/cinehill-motovun-arrives-to-petehovac\/"},"author":{"name":"Valentina","@id":"https:\/\/cinehill.eu\/en\/#\/schema\/person\/4e2f7276227b1c80ce76450fd25203c2"},"headline":"Cinehill Motovun arrives to Petehovac!","datePublished":"2023-07-25T13:00:48+00:00","dateModified":"2023-07-27T14:42:50+00:00","mainEntityOfPage":{"@id":"https:\/\/cinehill.eu\/en\/cinehill-motovun-arrives-to-petehovac\/"},"wordCount":552,"commentCount":0,"publisher":{"@id":"https:\/\/cinehill.eu\/en\/#organization"},"image":{"@id":"https:\/\/cinehill.eu\/en\/cinehill-motovun-arrives-to-petehovac\/#primaryimage"},"thumbnailUrl":"https:\/\/cinehill.eu\/wp-content\/uploads\/2023\/07\/Vidikovac-Petehovac.jpg","articleSection":["MFF-2023","News","Press"],"inLanguage":"en-US","potentialAction":[{"@type":"CommentAction","name":"Comment","target":["https:\/\/cinehill.eu\/en\/cinehill-motovun-arrives-to-petehovac\/#respond"]}]},{"@type":"WebPage","@id":"https:\/\/cinehill.eu\/en\/cinehill-motovun-arrives-to-petehovac\/","url":"https:\/\/cinehill.eu\/en\/cinehill-motovun-arrives-to-petehovac\/","name":"Cinehill Motovun arrives to Petehovac! - Cinehill Film Festival","isPartOf":{"@id":"https:\/\/cinehill.eu\/en\/#website"},"primaryImageOfPage":{"@id":"https:\/\/cinehill.eu\/en\/cinehill-motovun-arrives-to-petehovac\/#primaryimage"},"image":{"@id":"https:\/\/cinehill.eu\/en\/cinehill-motovun-arrives-to-petehovac\/#primaryimage"},"thumbnailUrl":"https:\/\/cinehill.eu\/wp-content\/uploads\/2023\/07\/Vidikovac-Petehovac.jpg","datePublished":"2023-07-25T13:00:48+00:00","dateModified":"2023-07-27T14:42:50+00:00","breadcrumb":{"@id":"https:\/\/cinehill.eu\/en\/cinehill-motovun-arrives-to-petehovac\/#breadcrumb"},"inLanguage":"en-US","potentialAction":[{"@type":"ReadAction","target":["https:\/\/cinehill.eu\/en\/cinehill-motovun-arrives-to-petehovac\/"]}]},{"@type":"ImageObject","inLanguage":"en-US","@id":"https:\/\/cinehill.eu\/en\/cinehill-motovun-arrives-to-petehovac\/#primaryimage","url":"https:\/\/cinehill.eu\/wp-content\/uploads\/2023\/07\/Vidikovac-Petehovac.jpg","contentUrl":"https:\/\/cinehill.eu\/wp-content\/uploads\/2023\/07\/Vidikovac-Petehovac.jpg","width":2048,"height":1225},{"@type":"BreadcrumbList","@id":"https:\/\/cinehill.eu\/en\/cinehill-motovun-arrives-to-petehovac\/#breadcrumb","itemListElement":[{"@type":"ListItem","position":1,"name":"Po\u010detna stranica","item":"https:\/\/cinehill.eu\/en\/"},{"@type":"ListItem","position":2,"name":"Cinehill Motovun arrives to Petehovac!"}]},{"@type":"WebSite","@id":"https:\/\/cinehill.eu\/en\/#website","url":"https:\/\/cinehill.eu\/en\/","name":"Cinehill Film Festival","description":"Cinehill je festival s du\u0161om!","publisher":{"@id":"https:\/\/cinehill.eu\/en\/#organization"},"potentialAction":[{"@type":"SearchAction","target":{"@type":"EntryPoint","urlTemplate":"https:\/\/cinehill.eu\/en\/?s={search_term_string}"},"query-input":{"@type":"PropertyValueSpecification","valueRequired":true,"valueName":"search_term_string"}}],"inLanguage":"en-US"},{"@type":"Organization","@id":"https:\/\/cinehill.eu\/en\/#organization","name":"Motovun film festival","url":"https:\/\/cinehill.eu\/en\/","logo":{"@type":"ImageObject","inLanguage":"en-US","@id":"https:\/\/cinehill.eu\/en\/#\/schema\/logo\/image\/","url":"https:\/\/cinehill.eu\/wp-content\/uploads\/2019\/07\/znak-mff.png","contentUrl":"https:\/\/cinehill.eu\/wp-content\/uploads\/2019\/07\/znak-mff.png","width":163,"height":164,"caption":"Motovun film festival"},"image":{"@id":"https:\/\/cinehill.eu\/en\/#\/schema\/logo\/image\/"},"sameAs":["https:\/\/www.facebook.com\/MotovunFilmFestival\/"]},{"@type":"Person","@id":"https:\/\/cinehill.eu\/en\/#\/schema\/person\/4e2f7276227b1c80ce76450fd25203c2","name":"Valentina","image":{"@type":"ImageObject","inLanguage":"en-US","@id":"https:\/\/cinehill.eu\/en\/#\/schema\/person\/image\/","url":"https:\/\/secure.gravatar.com\/avatar\/25ce6d62f3144e7aa68a3aa02ede87d8233b9ec969c6089838e1f63094c9cf37?s=96&d=mm&r=g","contentUrl":"https:\/\/secure.gravatar.com\/avatar\/25ce6d62f3144e7aa68a3aa02ede87d8233b9ec969c6089838e1f63094c9cf37?s=96&d=mm&r=g","caption":"Valentina"},"url":"https:\/\/cinehill.eu\/en\/author\/valentina\/"}]}},"_links":{"self":[{"href":"https:\/\/cinehill.eu\/en\/wp-json\/wp\/v2\/posts\/50969","targetHints":{"allow":["GET"]}}],"collection":[{"href":"https:\/\/cinehill.eu\/en\/wp-json\/wp\/v2\/posts"}],"about":[{"href":"https:\/\/cinehill.eu\/en\/wp-json\/wp\/v2\/types\/post"}],"author":[{"embeddable":true,"href":"https:\/\/cinehill.eu\/en\/wp-json\/wp\/v2\/users\/8"}],"replies":[{"embeddable":true,"href":"https:\/\/cinehill.eu\/en\/wp-json\/wp\/v2\/comments?post=50969"}],"version-history":[{"count":2,"href":"https:\/\/cinehill.eu\/en\/wp-json\/wp\/v2\/posts\/50969\/revisions"}],"predecessor-version":[{"id":51359,"href":"https:\/\/cinehill.eu\/en\/wp-json\/wp\/v2\/posts\/50969\/revisions\/51359"}],"wp:featuredmedia":[{"embeddable":true,"href":"https:\/\/cinehill.eu\/en\/wp-json\/wp\/v2\/media\/50734"}],"wp:attachment":[{"href":"https:\/\/cinehill.eu\/en\/wp-json\/wp\/v2\/media?parent=50969"}],"wp:term":[{"taxonomy":"category","embeddable":true,"href":"https:\/\/cinehill.eu\/en\/wp-json\/wp\/v2\/categories?post=50969"},{"taxonomy":"post_tag","embeddable":true,"href":"https:\/\/cinehill.eu\/en\/wp-json\/wp\/v2\/tags?post=50969"}],"curies":[{"name":"wp","href":"https:\/\/api.w.org\/{rel}","templated":true}]}}