{"id":46279,"date":"2023-06-16T08:07:52","date_gmt":"2023-06-16T07:07:52","guid":{"rendered":"https:\/\/motovunfilmfestival.com\/zdenko-jelcic-ignites-the-flame-50-years-award\/"},"modified":"2023-07-14T13:39:25","modified_gmt":"2023-07-14T12:39:25","slug":"zdenko-jelcic-ignites-the-flame-50-years-award","status":"publish","type":"post","link":"https:\/\/cinehill.eu\/en\/zdenko-jelcic-ignites-the-flame-50-years-award\/","title":{"rendered":"Zdenko Jel\u010di\u0107 ignites the flame: 50 Years Award"},"content":{"rendered":"\n<p><strong>The award, celebrating domestic filmmakers who have devoted their life-long careers to filmmaking and indebted Croatian cinema, has been presented since the early days of Motovun Film Festival<\/strong><\/p>\n\n<p>Running for a quarter of a century is a special achievement for a small film festival, but a fruitful and passionate acting career spanning half a century is an accomplishment of almost dizzying heights. Both of these feats deserve to be celebrated in a special way, among singular people. Therefore, as the festival reaches a new peak this year, in the mountains of Gorski Kotar, Cinehill\u2019s <strong>50 Years Award<\/strong> will go to Zdenko Jel\u010di\u0107 \u2013 a Croatian thespian whose remarkable career was launched by playing Commander Ljubo in the Gorski Kotar-set drama series <em>Kapelski kresovi<\/em>. The iconic show that marked the region famously made the streets empty as it aired, while audiences swooned at Commander Ljubo in front of their TV sets throughout Yugoslavia. Many residents of Gorski Kotar were extras in the series and participated in various other ways, and they still remember that period vividly. The occasion is also a moment of joyful nostalgia, in a re-encounter with Jel\u010di\u0107 half a century later.<\/p>\n\n<p>Born in \u010capljina, Zdenko Jel\u010di\u0107 fell in love with film in his youth, daily feeding his passion for the seventh art at Slavica cinema: \u201cI saw a different film every day. I saw everything, anything, and I saw it three times.\u201d Despite his great love of film, he took up acting only after arriving in Zagreb, while studying political science. Prompted by college friends, he was drawn deep into the world of theatre and never looked back. Since he never does anything half way, he finished his political studies and applied the same level of commitment to an impressive acting career that would ensue.<\/p>\n\n<p>This versatile actor stormed theatre stages, TV programmes and the big screen. \u201cWhen you work with a good director, there is no difference between working in theatre and on film,\u201d he says. During a career spanning half a century, he played in some of the most interesting Yugoslav and Croatian works, from dramas <em>Don&#8217;t Lean Out the Window<\/em> (1977) and <em>Occupation in 26 Pictures<\/em> (1978), to <em>The Small Train Robbery<\/em> (1984) and <em>Death Diploma<\/em> (1989), all the way to recent accomplishment \u2013 <em>Das Fr\u00e4ulein<\/em> (2006) and <em>Mare <\/em>(2020) directed by Croatian-Swiss director Andrea \u0160taka, Branko Schmidt\u2019s <em>Vegetarian Cannibal<\/em> (2012), Rajko Grli\u0107\u2019s <em>The Constitution<\/em> (2016), Josip \u017duvan\u2019s <em>Carbide <\/em>(2022), and many more. To a broader audience he is also famous for playing Blago Anti\u0107 in the series <em>The<\/em> <em>Paper<\/em> (2006 \u2013 2020) directed by Dalibor Matani\u0107.<\/p>\n\n<p>The number of addresses he has changed in search of artistic satisfaction rivals the number of roles he has stared in. After the army and Kapelski kresovi, he returned to \u010capljina, where he founded the \u010capljina Summer, and after conquering the theatre stage in Dubrovnik, he headed to Paris. \u201cI earned my living as a pretty face. There were beautiful ladies in Paris, and I was hot,\u201d jokes Zdenko.<\/p>\n\n<p>He even spent 25 years in Switzerland, where he went for love, following his wife, Dijana. There, in the fold of the Schauspielhaus Z\u00fcrich, he performed a number of theatre and television roles. Commenting on how it is often difficult for actors to act in a foreign language, he laughs: \u201cI was lucky because my name was Zdenko Jel\u010di\u0107, so nobody would let me play a Swiss or a German, but I could be cast as a Russian or a Macedonian&#8230; I had to pretend I didn\u2019t speak German as fluently as I did.\u201d<\/p>\n\n<p>Without turning his back on acting even as he gets older, he adds literature to his list of artistic successes. He has written three books: \u201cThe first is about sex, the second is about theatre and the third is about Herzegovina.\u201d Of these, two have been published so far, <em>U traganju za izgubljenim Narcisom<\/em> (2010) and <em>Sponzoru\u0161a u Parizu<\/em> (2015). Commenting on <em>Sponzoru\u0161a<\/em>, he laughs: \u201cThere was some fumbling, but most of it is true.\u201d<\/p>\n\n<p>One of his favourite films in which he also played a part is <em>Don\u2019t Lean Out the Window<\/em> directed by Bogdan \u017di\u017ei\u0107, in which actor Ivo Gregurevi\u0107 made his debut. When asked what his favourite film is, he jokingly replies, \u201cI only watch films in which I act, because that\u2019s what a good director does, I don\u2019t even watch other movies.\u201d Adding in a more serious tone that he is still a classicist at heart and prefers old films: \u201cA film is a story told in pictures, without excessive dialogue. <em>Casablanca<\/em> is still my favourite.\u201d<\/p>\n\n<p>He expects three things from an actor: authenticity, autonomy and being autochthonous, one leads to the other. \u201cBeing autochthonous is the country where you are from, family, a wider community. An actor who possesses these three things is bound to be a good actor,\u201d and Zdenko Jel\u010di\u0107 undoubtedly is.<\/p>\n\n<p>The 50 Years Award will be presented in cooperation with the Croatian Film Directors\u2019 Guild, at the 25<sup>th<\/sup> edition of Cinehill Motovun, which will be held in Motovun and Gorski Kotar, 22 \u2013 29 July.&#13;\n&#13;\n\u00a0<\/p>\n","protected":false},"excerpt":{"rendered":"<p>The award, celebrating domestic filmmakers who have devoted their life-long careers to filmmaking and indebted Croatian cinema, has been presented since the early days of Motovun Film Festival Running for a quarter of a century is a special achievement for a small film festival, but a fruitful and passionate acting career spanning half a century [&hellip;]<\/p>\n","protected":false},"author":8,"featured_media":46276,"comment_status":"open","ping_status":"open","sticky":false,"template":"","format":"standard","meta":{"_acf_changed":false,"_monsterinsights_skip_tracking":false,"_monsterinsights_sitenote_active":false,"_monsterinsights_sitenote_note":"","_monsterinsights_sitenote_category":0,"_view_id":"","footnotes":""},"categories":[399,40,420],"tags":[],"class_list":["post-46279","post","type-post","status-publish","format-standard","has-post-thumbnail","hentry","category-mff-2023-en","category-news","category-press-en-3"],"acf":[],"yoast_head":"<!-- This site is optimized with the Yoast SEO plugin v26.9 - https:\/\/yoast.com\/product\/yoast-seo-wordpress\/ -->\n<title>Zdenko Jel\u010di\u0107 ignites the flame: 50 Years Award - Cinehill Film Festival<\/title>\n<meta name=\"robots\" content=\"index, follow, max-snippet:-1, max-image-preview:large, max-video-preview:-1\" \/>\n<link rel=\"canonical\" href=\"https:\/\/cinehill.eu\/en\/zdenko-jelcic-ignites-the-flame-50-years-award\/\" \/>\n<meta property=\"og:locale\" content=\"en_US\" \/>\n<meta property=\"og:type\" content=\"article\" \/>\n<meta property=\"og:title\" content=\"Zdenko Jel\u010di\u0107 ignites the flame: 50 Years Award - Cinehill Film Festival\" \/>\n<meta property=\"og:description\" content=\"The award, celebrating domestic filmmakers who have devoted their life-long careers to filmmaking and indebted Croatian cinema, has been presented since the early days of Motovun Film Festival Running for a quarter of a century is a special achievement for a small film festival, but a fruitful and passionate acting career spanning half a century [&hellip;]\" \/>\n<meta property=\"og:url\" content=\"https:\/\/cinehill.eu\/en\/zdenko-jelcic-ignites-the-flame-50-years-award\/\" \/>\n<meta property=\"og:site_name\" content=\"Cinehill Film Festival\" \/>\n<meta property=\"article:publisher\" content=\"https:\/\/www.facebook.com\/MotovunFilmFestival\/\" \/>\n<meta property=\"article:published_time\" content=\"2023-06-16T07:07:52+00:00\" \/>\n<meta property=\"article:modified_time\" content=\"2023-07-14T12:39:25+00:00\" \/>\n<meta property=\"og:image\" content=\"https:\/\/cinehill.eu\/wp-content\/uploads\/2023\/06\/Zdenko-Jelcic_Novine-1024x576.png\" \/>\n\t<meta property=\"og:image:width\" content=\"1024\" \/>\n\t<meta property=\"og:image:height\" content=\"576\" \/>\n\t<meta property=\"og:image:type\" content=\"image\/png\" \/>\n<meta name=\"author\" content=\"Valentina\" \/>\n<meta name=\"twitter:card\" content=\"summary_large_image\" \/>\n<meta name=\"twitter:label1\" content=\"Written by\" \/>\n\t<meta name=\"twitter:data1\" content=\"Valentina\" \/>\n\t<meta name=\"twitter:label2\" content=\"Est. reading time\" \/>\n\t<meta name=\"twitter:data2\" content=\"4 minutes\" \/>\n<script type=\"application\/ld+json\" class=\"yoast-schema-graph\">{\"@context\":\"https:\/\/schema.org\",\"@graph\":[{\"@type\":\"Article\",\"@id\":\"https:\/\/cinehill.eu\/en\/zdenko-jelcic-ignites-the-flame-50-years-award\/#article\",\"isPartOf\":{\"@id\":\"https:\/\/cinehill.eu\/en\/zdenko-jelcic-ignites-the-flame-50-years-award\/\"},\"author\":{\"name\":\"Valentina\",\"@id\":\"https:\/\/cinehill.eu\/en\/#\/schema\/person\/4e2f7276227b1c80ce76450fd25203c2\"},\"headline\":\"Zdenko Jel\u010di\u0107 ignites the flame: 50 Years Award\",\"datePublished\":\"2023-06-16T07:07:52+00:00\",\"dateModified\":\"2023-07-14T12:39:25+00:00\",\"mainEntityOfPage\":{\"@id\":\"https:\/\/cinehill.eu\/en\/zdenko-jelcic-ignites-the-flame-50-years-award\/\"},\"wordCount\":853,\"commentCount\":0,\"publisher\":{\"@id\":\"https:\/\/cinehill.eu\/en\/#organization\"},\"image\":{\"@id\":\"https:\/\/cinehill.eu\/en\/zdenko-jelcic-ignites-the-flame-50-years-award\/#primaryimage\"},\"thumbnailUrl\":\"https:\/\/cinehill.eu\/wp-content\/uploads\/2023\/06\/Zdenko-Jelcic_Novine.png\",\"articleSection\":[\"MFF-2023\",\"News\",\"Press\"],\"inLanguage\":\"en-US\",\"potentialAction\":[{\"@type\":\"CommentAction\",\"name\":\"Comment\",\"target\":[\"https:\/\/cinehill.eu\/en\/zdenko-jelcic-ignites-the-flame-50-years-award\/#respond\"]}]},{\"@type\":\"WebPage\",\"@id\":\"https:\/\/cinehill.eu\/en\/zdenko-jelcic-ignites-the-flame-50-years-award\/\",\"url\":\"https:\/\/cinehill.eu\/en\/zdenko-jelcic-ignites-the-flame-50-years-award\/\",\"name\":\"Zdenko Jel\u010di\u0107 ignites the flame: 50 Years Award - Cinehill Film Festival\",\"isPartOf\":{\"@id\":\"https:\/\/cinehill.eu\/en\/#website\"},\"primaryImageOfPage\":{\"@id\":\"https:\/\/cinehill.eu\/en\/zdenko-jelcic-ignites-the-flame-50-years-award\/#primaryimage\"},\"image\":{\"@id\":\"https:\/\/cinehill.eu\/en\/zdenko-jelcic-ignites-the-flame-50-years-award\/#primaryimage\"},\"thumbnailUrl\":\"https:\/\/cinehill.eu\/wp-content\/uploads\/2023\/06\/Zdenko-Jelcic_Novine.png\",\"datePublished\":\"2023-06-16T07:07:52+00:00\",\"dateModified\":\"2023-07-14T12:39:25+00:00\",\"breadcrumb\":{\"@id\":\"https:\/\/cinehill.eu\/en\/zdenko-jelcic-ignites-the-flame-50-years-award\/#breadcrumb\"},\"inLanguage\":\"en-US\",\"potentialAction\":[{\"@type\":\"ReadAction\",\"target\":[\"https:\/\/cinehill.eu\/en\/zdenko-jelcic-ignites-the-flame-50-years-award\/\"]}]},{\"@type\":\"ImageObject\",\"inLanguage\":\"en-US\",\"@id\":\"https:\/\/cinehill.eu\/en\/zdenko-jelcic-ignites-the-flame-50-years-award\/#primaryimage\",\"url\":\"https:\/\/cinehill.eu\/wp-content\/uploads\/2023\/06\/Zdenko-Jelcic_Novine.png\",\"contentUrl\":\"https:\/\/cinehill.eu\/wp-content\/uploads\/2023\/06\/Zdenko-Jelcic_Novine.png\",\"width\":1920,\"height\":1080},{\"@type\":\"BreadcrumbList\",\"@id\":\"https:\/\/cinehill.eu\/en\/zdenko-jelcic-ignites-the-flame-50-years-award\/#breadcrumb\",\"itemListElement\":[{\"@type\":\"ListItem\",\"position\":1,\"name\":\"Po\u010detna stranica\",\"item\":\"https:\/\/cinehill.eu\/en\/\"},{\"@type\":\"ListItem\",\"position\":2,\"name\":\"Zdenko Jel\u010di\u0107 ignites the flame: 50 Years Award\"}]},{\"@type\":\"WebSite\",\"@id\":\"https:\/\/cinehill.eu\/en\/#website\",\"url\":\"https:\/\/cinehill.eu\/en\/\",\"name\":\"Cinehill Film Festival\",\"description\":\"Cinehill je festival s du\u0161om!\",\"publisher\":{\"@id\":\"https:\/\/cinehill.eu\/en\/#organization\"},\"potentialAction\":[{\"@type\":\"SearchAction\",\"target\":{\"@type\":\"EntryPoint\",\"urlTemplate\":\"https:\/\/cinehill.eu\/en\/?s={search_term_string}\"},\"query-input\":{\"@type\":\"PropertyValueSpecification\",\"valueRequired\":true,\"valueName\":\"search_term_string\"}}],\"inLanguage\":\"en-US\"},{\"@type\":\"Organization\",\"@id\":\"https:\/\/cinehill.eu\/en\/#organization\",\"name\":\"Motovun film festival\",\"url\":\"https:\/\/cinehill.eu\/en\/\",\"logo\":{\"@type\":\"ImageObject\",\"inLanguage\":\"en-US\",\"@id\":\"https:\/\/cinehill.eu\/en\/#\/schema\/logo\/image\/\",\"url\":\"https:\/\/cinehill.eu\/wp-content\/uploads\/2019\/07\/znak-mff.png\",\"contentUrl\":\"https:\/\/cinehill.eu\/wp-content\/uploads\/2019\/07\/znak-mff.png\",\"width\":163,\"height\":164,\"caption\":\"Motovun film festival\"},\"image\":{\"@id\":\"https:\/\/cinehill.eu\/en\/#\/schema\/logo\/image\/\"},\"sameAs\":[\"https:\/\/www.facebook.com\/MotovunFilmFestival\/\"]},{\"@type\":\"Person\",\"@id\":\"https:\/\/cinehill.eu\/en\/#\/schema\/person\/4e2f7276227b1c80ce76450fd25203c2\",\"name\":\"Valentina\",\"image\":{\"@type\":\"ImageObject\",\"inLanguage\":\"en-US\",\"@id\":\"https:\/\/cinehill.eu\/en\/#\/schema\/person\/image\/\",\"url\":\"https:\/\/secure.gravatar.com\/avatar\/25ce6d62f3144e7aa68a3aa02ede87d8233b9ec969c6089838e1f63094c9cf37?s=96&d=mm&r=g\",\"contentUrl\":\"https:\/\/secure.gravatar.com\/avatar\/25ce6d62f3144e7aa68a3aa02ede87d8233b9ec969c6089838e1f63094c9cf37?s=96&d=mm&r=g\",\"caption\":\"Valentina\"},\"url\":\"https:\/\/cinehill.eu\/en\/author\/valentina\/\"}]}<\/script>\n<!-- \/ Yoast SEO plugin. -->","yoast_head_json":{"title":"Zdenko Jel\u010di\u0107 ignites the flame: 50 Years Award - Cinehill Film Festival","robots":{"index":"index","follow":"follow","max-snippet":"max-snippet:-1","max-image-preview":"max-image-preview:large","max-video-preview":"max-video-preview:-1"},"canonical":"https:\/\/cinehill.eu\/en\/zdenko-jelcic-ignites-the-flame-50-years-award\/","og_locale":"en_US","og_type":"article","og_title":"Zdenko Jel\u010di\u0107 ignites the flame: 50 Years Award - Cinehill Film Festival","og_description":"The award, celebrating domestic filmmakers who have devoted their life-long careers to filmmaking and indebted Croatian cinema, has been presented since the early days of Motovun Film Festival Running for a quarter of a century is a special achievement for a small film festival, but a fruitful and passionate acting career spanning half a century [&hellip;]","og_url":"https:\/\/cinehill.eu\/en\/zdenko-jelcic-ignites-the-flame-50-years-award\/","og_site_name":"Cinehill Film Festival","article_publisher":"https:\/\/www.facebook.com\/MotovunFilmFestival\/","article_published_time":"2023-06-16T07:07:52+00:00","article_modified_time":"2023-07-14T12:39:25+00:00","og_image":[{"width":1024,"height":576,"url":"https:\/\/cinehill.eu\/wp-content\/uploads\/2023\/06\/Zdenko-Jelcic_Novine-1024x576.png","type":"image\/png"}],"author":"Valentina","twitter_card":"summary_large_image","twitter_misc":{"Written by":"Valentina","Est. reading time":"4 minutes"},"schema":{"@context":"https:\/\/schema.org","@graph":[{"@type":"Article","@id":"https:\/\/cinehill.eu\/en\/zdenko-jelcic-ignites-the-flame-50-years-award\/#article","isPartOf":{"@id":"https:\/\/cinehill.eu\/en\/zdenko-jelcic-ignites-the-flame-50-years-award\/"},"author":{"name":"Valentina","@id":"https:\/\/cinehill.eu\/en\/#\/schema\/person\/4e2f7276227b1c80ce76450fd25203c2"},"headline":"Zdenko Jel\u010di\u0107 ignites the flame: 50 Years Award","datePublished":"2023-06-16T07:07:52+00:00","dateModified":"2023-07-14T12:39:25+00:00","mainEntityOfPage":{"@id":"https:\/\/cinehill.eu\/en\/zdenko-jelcic-ignites-the-flame-50-years-award\/"},"wordCount":853,"commentCount":0,"publisher":{"@id":"https:\/\/cinehill.eu\/en\/#organization"},"image":{"@id":"https:\/\/cinehill.eu\/en\/zdenko-jelcic-ignites-the-flame-50-years-award\/#primaryimage"},"thumbnailUrl":"https:\/\/cinehill.eu\/wp-content\/uploads\/2023\/06\/Zdenko-Jelcic_Novine.png","articleSection":["MFF-2023","News","Press"],"inLanguage":"en-US","potentialAction":[{"@type":"CommentAction","name":"Comment","target":["https:\/\/cinehill.eu\/en\/zdenko-jelcic-ignites-the-flame-50-years-award\/#respond"]}]},{"@type":"WebPage","@id":"https:\/\/cinehill.eu\/en\/zdenko-jelcic-ignites-the-flame-50-years-award\/","url":"https:\/\/cinehill.eu\/en\/zdenko-jelcic-ignites-the-flame-50-years-award\/","name":"Zdenko Jel\u010di\u0107 ignites the flame: 50 Years Award - Cinehill Film Festival","isPartOf":{"@id":"https:\/\/cinehill.eu\/en\/#website"},"primaryImageOfPage":{"@id":"https:\/\/cinehill.eu\/en\/zdenko-jelcic-ignites-the-flame-50-years-award\/#primaryimage"},"image":{"@id":"https:\/\/cinehill.eu\/en\/zdenko-jelcic-ignites-the-flame-50-years-award\/#primaryimage"},"thumbnailUrl":"https:\/\/cinehill.eu\/wp-content\/uploads\/2023\/06\/Zdenko-Jelcic_Novine.png","datePublished":"2023-06-16T07:07:52+00:00","dateModified":"2023-07-14T12:39:25+00:00","breadcrumb":{"@id":"https:\/\/cinehill.eu\/en\/zdenko-jelcic-ignites-the-flame-50-years-award\/#breadcrumb"},"inLanguage":"en-US","potentialAction":[{"@type":"ReadAction","target":["https:\/\/cinehill.eu\/en\/zdenko-jelcic-ignites-the-flame-50-years-award\/"]}]},{"@type":"ImageObject","inLanguage":"en-US","@id":"https:\/\/cinehill.eu\/en\/zdenko-jelcic-ignites-the-flame-50-years-award\/#primaryimage","url":"https:\/\/cinehill.eu\/wp-content\/uploads\/2023\/06\/Zdenko-Jelcic_Novine.png","contentUrl":"https:\/\/cinehill.eu\/wp-content\/uploads\/2023\/06\/Zdenko-Jelcic_Novine.png","width":1920,"height":1080},{"@type":"BreadcrumbList","@id":"https:\/\/cinehill.eu\/en\/zdenko-jelcic-ignites-the-flame-50-years-award\/#breadcrumb","itemListElement":[{"@type":"ListItem","position":1,"name":"Po\u010detna stranica","item":"https:\/\/cinehill.eu\/en\/"},{"@type":"ListItem","position":2,"name":"Zdenko Jel\u010di\u0107 ignites the flame: 50 Years Award"}]},{"@type":"WebSite","@id":"https:\/\/cinehill.eu\/en\/#website","url":"https:\/\/cinehill.eu\/en\/","name":"Cinehill Film Festival","description":"Cinehill je festival s du\u0161om!","publisher":{"@id":"https:\/\/cinehill.eu\/en\/#organization"},"potentialAction":[{"@type":"SearchAction","target":{"@type":"EntryPoint","urlTemplate":"https:\/\/cinehill.eu\/en\/?s={search_term_string}"},"query-input":{"@type":"PropertyValueSpecification","valueRequired":true,"valueName":"search_term_string"}}],"inLanguage":"en-US"},{"@type":"Organization","@id":"https:\/\/cinehill.eu\/en\/#organization","name":"Motovun film festival","url":"https:\/\/cinehill.eu\/en\/","logo":{"@type":"ImageObject","inLanguage":"en-US","@id":"https:\/\/cinehill.eu\/en\/#\/schema\/logo\/image\/","url":"https:\/\/cinehill.eu\/wp-content\/uploads\/2019\/07\/znak-mff.png","contentUrl":"https:\/\/cinehill.eu\/wp-content\/uploads\/2019\/07\/znak-mff.png","width":163,"height":164,"caption":"Motovun film festival"},"image":{"@id":"https:\/\/cinehill.eu\/en\/#\/schema\/logo\/image\/"},"sameAs":["https:\/\/www.facebook.com\/MotovunFilmFestival\/"]},{"@type":"Person","@id":"https:\/\/cinehill.eu\/en\/#\/schema\/person\/4e2f7276227b1c80ce76450fd25203c2","name":"Valentina","image":{"@type":"ImageObject","inLanguage":"en-US","@id":"https:\/\/cinehill.eu\/en\/#\/schema\/person\/image\/","url":"https:\/\/secure.gravatar.com\/avatar\/25ce6d62f3144e7aa68a3aa02ede87d8233b9ec969c6089838e1f63094c9cf37?s=96&d=mm&r=g","contentUrl":"https:\/\/secure.gravatar.com\/avatar\/25ce6d62f3144e7aa68a3aa02ede87d8233b9ec969c6089838e1f63094c9cf37?s=96&d=mm&r=g","caption":"Valentina"},"url":"https:\/\/cinehill.eu\/en\/author\/valentina\/"}]}},"_links":{"self":[{"href":"https:\/\/cinehill.eu\/en\/wp-json\/wp\/v2\/posts\/46279","targetHints":{"allow":["GET"]}}],"collection":[{"href":"https:\/\/cinehill.eu\/en\/wp-json\/wp\/v2\/posts"}],"about":[{"href":"https:\/\/cinehill.eu\/en\/wp-json\/wp\/v2\/types\/post"}],"author":[{"embeddable":true,"href":"https:\/\/cinehill.eu\/en\/wp-json\/wp\/v2\/users\/8"}],"replies":[{"embeddable":true,"href":"https:\/\/cinehill.eu\/en\/wp-json\/wp\/v2\/comments?post=46279"}],"version-history":[{"count":1,"href":"https:\/\/cinehill.eu\/en\/wp-json\/wp\/v2\/posts\/46279\/revisions"}],"predecessor-version":[{"id":46280,"href":"https:\/\/cinehill.eu\/en\/wp-json\/wp\/v2\/posts\/46279\/revisions\/46280"}],"wp:featuredmedia":[{"embeddable":true,"href":"https:\/\/cinehill.eu\/en\/wp-json\/wp\/v2\/media\/46276"}],"wp:attachment":[{"href":"https:\/\/cinehill.eu\/en\/wp-json\/wp\/v2\/media?parent=46279"}],"wp:term":[{"taxonomy":"category","embeddable":true,"href":"https:\/\/cinehill.eu\/en\/wp-json\/wp\/v2\/categories?post=46279"},{"taxonomy":"post_tag","embeddable":true,"href":"https:\/\/cinehill.eu\/en\/wp-json\/wp\/v2\/tags?post=46279"}],"curies":[{"name":"wp","href":"https:\/\/api.w.org\/{rel}","templated":true}]}}