{"id":27042,"date":"2019-07-30T12:09:55","date_gmt":"2019-07-30T11:09:55","guid":{"rendered":"https:\/\/motovunfilmfestival.com\/another-memorable-motovun-film-festival-ends\/"},"modified":"2019-07-30T12:09:56","modified_gmt":"2019-07-30T11:09:56","slug":"another-memorable-motovun-film-festival-ends","status":"publish","type":"post","link":"https:\/\/cinehill.eu\/en\/another-memorable-motovun-film-festival-ends\/","title":{"rendered":"Another Memorable Motovun Film Festival Ends"},"content":{"rendered":"\n<p>Despite poor weather conditions in the last two festival days, the <strong>22nd Motovun Film Festival<\/strong> ended Sunday morning with lots of music and joy. Heavy rain interrupted the last day\u2019s program, but the festival crew made a lot of effort to organize a number of screenings (they were moved to indoor theaters). The closing ceremony took place somewhat later, at midnight. Numerous audience remained there nevertheless and, with cups of Polish vodka, they made a toast to the festival and to the award-winning filmmakers.<\/p>\n\n<p>The jury (Croatian director Hana Ju\u0161i\u0107, Serbian director Ognjen Glavoni\u0107 and Polish film critic and producer Micha\u0142 Chaci\u0144ski) gave the <strong>Propeller of Motovun<\/strong> to the Icelandic film <em><strong>A White, White Day<\/strong><\/em> by Hlynur P\u00e1lmason. \u201cThe jury unanimously gave the award to a film which, using genre elements, tackles the emotional and psychological burden of bereavement in an idiosyncratic style. This bitter-sweet portrait of a peevish and melancholic policeman left as deep impression on us,\u201d explained the Jury.<\/p>\n\n<p>The FIPRESCI award, given by the International Film Critics Association, went to the Macedonian film <strong><em>God Exists, Her Name Is Petrunya<\/em><\/strong>, directed by <strong>Teona Strugar Mitevska<\/strong>.\r\n\u201cThe leading actress captivated us with her excellent and expressive acting. She easily convinced us that the film\u2019s protagonist is an intelligent woman with a complex personality, who discovers her power as the film progresses. She symbolized the urge for freedom in many domains and she indicated the changes that should be made. Excellently directed and edited, this dynamic black comedy soon drags the audience into its world,\u201d explained the FIPRESCI Jury.<\/p>\n\n<p>During five days in Motovun there were 136 screenings, accompanied by concerts, performances, conversations with authors and educational and entertainment programs. After\r\nthe closing ceremony,<strong> Jeboton Ansambl<\/strong> band had a concert in the Municipal Loggia and then the indestructible numerous MFF fans danced the night away to the early hours.<\/p>\n\n<div class=\"wp-block-button\"><a class=\"wp-block-button__link has-background has-vivid-green-cyan-background-color\" href=\"https:\/\/motovunfilmfestival.com\/galerija-dan-5\/\">Gallery: DAY 5.<\/a><\/div>\n","protected":false},"excerpt":{"rendered":"<p>Despite heavy rain, Motovun Film Festival closing ceremony ends with toast and winners \u2022 Large audience turnout in all festival days<\/p>\n","protected":false},"author":2,"featured_media":26772,"comment_status":"open","ping_status":"open","sticky":false,"template":"","format":"standard","meta":{"_acf_changed":false,"_monsterinsights_skip_tracking":false,"_monsterinsights_sitenote_active":false,"_monsterinsights_sitenote_note":"","_monsterinsights_sitenote_category":0,"_view_id":"","footnotes":""},"categories":[191,50,40,190],"tags":[],"class_list":["post-27042","post","type-post","status-publish","format-standard","has-post-thumbnail","hentry","category-mff-press-2019-en","category-mff-2019-en","category-news","category-press-en"],"acf":[],"yoast_head":"<!-- This site is optimized with the Yoast SEO plugin v26.9 - https:\/\/yoast.com\/product\/yoast-seo-wordpress\/ -->\n<title>Another Memorable Motovun Film Festival Ends - Cinehill Film Festival<\/title>\n<meta name=\"robots\" content=\"index, follow, max-snippet:-1, max-image-preview:large, max-video-preview:-1\" \/>\n<link rel=\"canonical\" href=\"https:\/\/cinehill.eu\/en\/another-memorable-motovun-film-festival-ends\/\" \/>\n<meta property=\"og:locale\" content=\"en_US\" \/>\n<meta property=\"og:type\" content=\"article\" \/>\n<meta property=\"og:title\" content=\"Another Memorable Motovun Film Festival Ends - Cinehill Film Festival\" \/>\n<meta property=\"og:description\" content=\"Despite heavy rain, Motovun Film Festival closing ceremony ends with toast and winners \u2022 Large audience turnout in all festival days\" \/>\n<meta property=\"og:url\" content=\"https:\/\/cinehill.eu\/en\/another-memorable-motovun-film-festival-ends\/\" \/>\n<meta property=\"og:site_name\" content=\"Cinehill Film Festival\" \/>\n<meta property=\"article:publisher\" content=\"https:\/\/www.facebook.com\/MotovunFilmFestival\/\" \/>\n<meta property=\"article:published_time\" content=\"2019-07-30T11:09:55+00:00\" \/>\n<meta property=\"article:modified_time\" content=\"2019-07-30T11:09:56+00:00\" \/>\n<meta property=\"og:image\" content=\"https:\/\/cinehill.eu\/wp-content\/uploads\/2019\/07\/Iva-Pezic-D5_123.jpg\" \/>\n\t<meta property=\"og:image:width\" content=\"2048\" \/>\n\t<meta property=\"og:image:height\" content=\"1365\" \/>\n\t<meta property=\"og:image:type\" content=\"image\/jpeg\" \/>\n<meta name=\"author\" content=\"Petra\" \/>\n<meta name=\"twitter:card\" content=\"summary_large_image\" \/>\n<meta name=\"twitter:label1\" content=\"Written by\" \/>\n\t<meta name=\"twitter:data1\" content=\"Petra\" \/>\n\t<meta name=\"twitter:label2\" content=\"Est. reading time\" \/>\n\t<meta name=\"twitter:data2\" content=\"2 minutes\" \/>\n<script type=\"application\/ld+json\" class=\"yoast-schema-graph\">{\"@context\":\"https:\/\/schema.org\",\"@graph\":[{\"@type\":\"Article\",\"@id\":\"https:\/\/cinehill.eu\/en\/another-memorable-motovun-film-festival-ends\/#article\",\"isPartOf\":{\"@id\":\"https:\/\/cinehill.eu\/en\/another-memorable-motovun-film-festival-ends\/\"},\"author\":{\"name\":\"Petra\",\"@id\":\"https:\/\/cinehill.eu\/en\/#\/schema\/person\/50e3069affd9dc23b0e80977812f672a\"},\"headline\":\"Another Memorable Motovun Film Festival Ends\",\"datePublished\":\"2019-07-30T11:09:55+00:00\",\"dateModified\":\"2019-07-30T11:09:56+00:00\",\"mainEntityOfPage\":{\"@id\":\"https:\/\/cinehill.eu\/en\/another-memorable-motovun-film-festival-ends\/\"},\"wordCount\":321,\"commentCount\":0,\"publisher\":{\"@id\":\"https:\/\/cinehill.eu\/en\/#organization\"},\"image\":{\"@id\":\"https:\/\/cinehill.eu\/en\/another-memorable-motovun-film-festival-ends\/#primaryimage\"},\"thumbnailUrl\":\"https:\/\/cinehill.eu\/wp-content\/uploads\/2019\/07\/Iva-Pezic-D5_123.jpg\",\"articleSection\":[\"MFF press 2019.\",\"MFF-2019\",\"News\",\"Press\"],\"inLanguage\":\"en-US\",\"potentialAction\":[{\"@type\":\"CommentAction\",\"name\":\"Comment\",\"target\":[\"https:\/\/cinehill.eu\/en\/another-memorable-motovun-film-festival-ends\/#respond\"]}]},{\"@type\":\"WebPage\",\"@id\":\"https:\/\/cinehill.eu\/en\/another-memorable-motovun-film-festival-ends\/\",\"url\":\"https:\/\/cinehill.eu\/en\/another-memorable-motovun-film-festival-ends\/\",\"name\":\"Another Memorable Motovun Film Festival Ends - Cinehill Film Festival\",\"isPartOf\":{\"@id\":\"https:\/\/cinehill.eu\/en\/#website\"},\"primaryImageOfPage\":{\"@id\":\"https:\/\/cinehill.eu\/en\/another-memorable-motovun-film-festival-ends\/#primaryimage\"},\"image\":{\"@id\":\"https:\/\/cinehill.eu\/en\/another-memorable-motovun-film-festival-ends\/#primaryimage\"},\"thumbnailUrl\":\"https:\/\/cinehill.eu\/wp-content\/uploads\/2019\/07\/Iva-Pezic-D5_123.jpg\",\"datePublished\":\"2019-07-30T11:09:55+00:00\",\"dateModified\":\"2019-07-30T11:09:56+00:00\",\"breadcrumb\":{\"@id\":\"https:\/\/cinehill.eu\/en\/another-memorable-motovun-film-festival-ends\/#breadcrumb\"},\"inLanguage\":\"en-US\",\"potentialAction\":[{\"@type\":\"ReadAction\",\"target\":[\"https:\/\/cinehill.eu\/en\/another-memorable-motovun-film-festival-ends\/\"]}]},{\"@type\":\"ImageObject\",\"inLanguage\":\"en-US\",\"@id\":\"https:\/\/cinehill.eu\/en\/another-memorable-motovun-film-festival-ends\/#primaryimage\",\"url\":\"https:\/\/cinehill.eu\/wp-content\/uploads\/2019\/07\/Iva-Pezic-D5_123.jpg\",\"contentUrl\":\"https:\/\/cinehill.eu\/wp-content\/uploads\/2019\/07\/Iva-Pezic-D5_123.jpg\",\"width\":2048,\"height\":1365},{\"@type\":\"BreadcrumbList\",\"@id\":\"https:\/\/cinehill.eu\/en\/another-memorable-motovun-film-festival-ends\/#breadcrumb\",\"itemListElement\":[{\"@type\":\"ListItem\",\"position\":1,\"name\":\"Po\u010detna stranica\",\"item\":\"https:\/\/cinehill.eu\/en\/\"},{\"@type\":\"ListItem\",\"position\":2,\"name\":\"Another Memorable Motovun Film Festival Ends\"}]},{\"@type\":\"WebSite\",\"@id\":\"https:\/\/cinehill.eu\/en\/#website\",\"url\":\"https:\/\/cinehill.eu\/en\/\",\"name\":\"Cinehill Film Festival\",\"description\":\"Cinehill je festival s du\u0161om!\",\"publisher\":{\"@id\":\"https:\/\/cinehill.eu\/en\/#organization\"},\"potentialAction\":[{\"@type\":\"SearchAction\",\"target\":{\"@type\":\"EntryPoint\",\"urlTemplate\":\"https:\/\/cinehill.eu\/en\/?s={search_term_string}\"},\"query-input\":{\"@type\":\"PropertyValueSpecification\",\"valueRequired\":true,\"valueName\":\"search_term_string\"}}],\"inLanguage\":\"en-US\"},{\"@type\":\"Organization\",\"@id\":\"https:\/\/cinehill.eu\/en\/#organization\",\"name\":\"Motovun film festival\",\"url\":\"https:\/\/cinehill.eu\/en\/\",\"logo\":{\"@type\":\"ImageObject\",\"inLanguage\":\"en-US\",\"@id\":\"https:\/\/cinehill.eu\/en\/#\/schema\/logo\/image\/\",\"url\":\"https:\/\/cinehill.eu\/wp-content\/uploads\/2019\/07\/znak-mff.png\",\"contentUrl\":\"https:\/\/cinehill.eu\/wp-content\/uploads\/2019\/07\/znak-mff.png\",\"width\":163,\"height\":164,\"caption\":\"Motovun film festival\"},\"image\":{\"@id\":\"https:\/\/cinehill.eu\/en\/#\/schema\/logo\/image\/\"},\"sameAs\":[\"https:\/\/www.facebook.com\/MotovunFilmFestival\/\"]},{\"@type\":\"Person\",\"@id\":\"https:\/\/cinehill.eu\/en\/#\/schema\/person\/50e3069affd9dc23b0e80977812f672a\",\"name\":\"Petra\",\"image\":{\"@type\":\"ImageObject\",\"inLanguage\":\"en-US\",\"@id\":\"https:\/\/cinehill.eu\/en\/#\/schema\/person\/image\/\",\"url\":\"https:\/\/secure.gravatar.com\/avatar\/17ae43daf6d51e5153bf91521a44f5e8d4fa556a9b0580f625b3d8c5860c78ba?s=96&d=mm&r=g\",\"contentUrl\":\"https:\/\/secure.gravatar.com\/avatar\/17ae43daf6d51e5153bf91521a44f5e8d4fa556a9b0580f625b3d8c5860c78ba?s=96&d=mm&r=g\",\"caption\":\"Petra\"},\"url\":\"https:\/\/cinehill.eu\/en\/author\/petra\/\"}]}<\/script>\n<!-- \/ Yoast SEO plugin. -->","yoast_head_json":{"title":"Another Memorable Motovun Film Festival Ends - Cinehill Film Festival","robots":{"index":"index","follow":"follow","max-snippet":"max-snippet:-1","max-image-preview":"max-image-preview:large","max-video-preview":"max-video-preview:-1"},"canonical":"https:\/\/cinehill.eu\/en\/another-memorable-motovun-film-festival-ends\/","og_locale":"en_US","og_type":"article","og_title":"Another Memorable Motovun Film Festival Ends - Cinehill Film Festival","og_description":"Despite heavy rain, Motovun Film Festival closing ceremony ends with toast and winners \u2022 Large audience turnout in all festival days","og_url":"https:\/\/cinehill.eu\/en\/another-memorable-motovun-film-festival-ends\/","og_site_name":"Cinehill Film Festival","article_publisher":"https:\/\/www.facebook.com\/MotovunFilmFestival\/","article_published_time":"2019-07-30T11:09:55+00:00","article_modified_time":"2019-07-30T11:09:56+00:00","og_image":[{"width":2048,"height":1365,"url":"https:\/\/cinehill.eu\/wp-content\/uploads\/2019\/07\/Iva-Pezic-D5_123.jpg","type":"image\/jpeg"}],"author":"Petra","twitter_card":"summary_large_image","twitter_misc":{"Written by":"Petra","Est. reading time":"2 minutes"},"schema":{"@context":"https:\/\/schema.org","@graph":[{"@type":"Article","@id":"https:\/\/cinehill.eu\/en\/another-memorable-motovun-film-festival-ends\/#article","isPartOf":{"@id":"https:\/\/cinehill.eu\/en\/another-memorable-motovun-film-festival-ends\/"},"author":{"name":"Petra","@id":"https:\/\/cinehill.eu\/en\/#\/schema\/person\/50e3069affd9dc23b0e80977812f672a"},"headline":"Another Memorable Motovun Film Festival Ends","datePublished":"2019-07-30T11:09:55+00:00","dateModified":"2019-07-30T11:09:56+00:00","mainEntityOfPage":{"@id":"https:\/\/cinehill.eu\/en\/another-memorable-motovun-film-festival-ends\/"},"wordCount":321,"commentCount":0,"publisher":{"@id":"https:\/\/cinehill.eu\/en\/#organization"},"image":{"@id":"https:\/\/cinehill.eu\/en\/another-memorable-motovun-film-festival-ends\/#primaryimage"},"thumbnailUrl":"https:\/\/cinehill.eu\/wp-content\/uploads\/2019\/07\/Iva-Pezic-D5_123.jpg","articleSection":["MFF press 2019.","MFF-2019","News","Press"],"inLanguage":"en-US","potentialAction":[{"@type":"CommentAction","name":"Comment","target":["https:\/\/cinehill.eu\/en\/another-memorable-motovun-film-festival-ends\/#respond"]}]},{"@type":"WebPage","@id":"https:\/\/cinehill.eu\/en\/another-memorable-motovun-film-festival-ends\/","url":"https:\/\/cinehill.eu\/en\/another-memorable-motovun-film-festival-ends\/","name":"Another Memorable Motovun Film Festival Ends - Cinehill Film Festival","isPartOf":{"@id":"https:\/\/cinehill.eu\/en\/#website"},"primaryImageOfPage":{"@id":"https:\/\/cinehill.eu\/en\/another-memorable-motovun-film-festival-ends\/#primaryimage"},"image":{"@id":"https:\/\/cinehill.eu\/en\/another-memorable-motovun-film-festival-ends\/#primaryimage"},"thumbnailUrl":"https:\/\/cinehill.eu\/wp-content\/uploads\/2019\/07\/Iva-Pezic-D5_123.jpg","datePublished":"2019-07-30T11:09:55+00:00","dateModified":"2019-07-30T11:09:56+00:00","breadcrumb":{"@id":"https:\/\/cinehill.eu\/en\/another-memorable-motovun-film-festival-ends\/#breadcrumb"},"inLanguage":"en-US","potentialAction":[{"@type":"ReadAction","target":["https:\/\/cinehill.eu\/en\/another-memorable-motovun-film-festival-ends\/"]}]},{"@type":"ImageObject","inLanguage":"en-US","@id":"https:\/\/cinehill.eu\/en\/another-memorable-motovun-film-festival-ends\/#primaryimage","url":"https:\/\/cinehill.eu\/wp-content\/uploads\/2019\/07\/Iva-Pezic-D5_123.jpg","contentUrl":"https:\/\/cinehill.eu\/wp-content\/uploads\/2019\/07\/Iva-Pezic-D5_123.jpg","width":2048,"height":1365},{"@type":"BreadcrumbList","@id":"https:\/\/cinehill.eu\/en\/another-memorable-motovun-film-festival-ends\/#breadcrumb","itemListElement":[{"@type":"ListItem","position":1,"name":"Po\u010detna stranica","item":"https:\/\/cinehill.eu\/en\/"},{"@type":"ListItem","position":2,"name":"Another Memorable Motovun Film Festival Ends"}]},{"@type":"WebSite","@id":"https:\/\/cinehill.eu\/en\/#website","url":"https:\/\/cinehill.eu\/en\/","name":"Cinehill Film Festival","description":"Cinehill je festival s du\u0161om!","publisher":{"@id":"https:\/\/cinehill.eu\/en\/#organization"},"potentialAction":[{"@type":"SearchAction","target":{"@type":"EntryPoint","urlTemplate":"https:\/\/cinehill.eu\/en\/?s={search_term_string}"},"query-input":{"@type":"PropertyValueSpecification","valueRequired":true,"valueName":"search_term_string"}}],"inLanguage":"en-US"},{"@type":"Organization","@id":"https:\/\/cinehill.eu\/en\/#organization","name":"Motovun film festival","url":"https:\/\/cinehill.eu\/en\/","logo":{"@type":"ImageObject","inLanguage":"en-US","@id":"https:\/\/cinehill.eu\/en\/#\/schema\/logo\/image\/","url":"https:\/\/cinehill.eu\/wp-content\/uploads\/2019\/07\/znak-mff.png","contentUrl":"https:\/\/cinehill.eu\/wp-content\/uploads\/2019\/07\/znak-mff.png","width":163,"height":164,"caption":"Motovun film festival"},"image":{"@id":"https:\/\/cinehill.eu\/en\/#\/schema\/logo\/image\/"},"sameAs":["https:\/\/www.facebook.com\/MotovunFilmFestival\/"]},{"@type":"Person","@id":"https:\/\/cinehill.eu\/en\/#\/schema\/person\/50e3069affd9dc23b0e80977812f672a","name":"Petra","image":{"@type":"ImageObject","inLanguage":"en-US","@id":"https:\/\/cinehill.eu\/en\/#\/schema\/person\/image\/","url":"https:\/\/secure.gravatar.com\/avatar\/17ae43daf6d51e5153bf91521a44f5e8d4fa556a9b0580f625b3d8c5860c78ba?s=96&d=mm&r=g","contentUrl":"https:\/\/secure.gravatar.com\/avatar\/17ae43daf6d51e5153bf91521a44f5e8d4fa556a9b0580f625b3d8c5860c78ba?s=96&d=mm&r=g","caption":"Petra"},"url":"https:\/\/cinehill.eu\/en\/author\/petra\/"}]}},"_links":{"self":[{"href":"https:\/\/cinehill.eu\/en\/wp-json\/wp\/v2\/posts\/27042","targetHints":{"allow":["GET"]}}],"collection":[{"href":"https:\/\/cinehill.eu\/en\/wp-json\/wp\/v2\/posts"}],"about":[{"href":"https:\/\/cinehill.eu\/en\/wp-json\/wp\/v2\/types\/post"}],"author":[{"embeddable":true,"href":"https:\/\/cinehill.eu\/en\/wp-json\/wp\/v2\/users\/2"}],"replies":[{"embeddable":true,"href":"https:\/\/cinehill.eu\/en\/wp-json\/wp\/v2\/comments?post=27042"}],"version-history":[{"count":1,"href":"https:\/\/cinehill.eu\/en\/wp-json\/wp\/v2\/posts\/27042\/revisions"}],"predecessor-version":[{"id":27043,"href":"https:\/\/cinehill.eu\/en\/wp-json\/wp\/v2\/posts\/27042\/revisions\/27043"}],"wp:featuredmedia":[{"embeddable":true,"href":"https:\/\/cinehill.eu\/en\/wp-json\/wp\/v2\/media\/26772"}],"wp:attachment":[{"href":"https:\/\/cinehill.eu\/en\/wp-json\/wp\/v2\/media?parent=27042"}],"wp:term":[{"taxonomy":"category","embeddable":true,"href":"https:\/\/cinehill.eu\/en\/wp-json\/wp\/v2\/categories?post=27042"},{"taxonomy":"post_tag","embeddable":true,"href":"https:\/\/cinehill.eu\/en\/wp-json\/wp\/v2\/tags?post=27042"}],"curies":[{"name":"wp","href":"https:\/\/api.w.org\/{rel}","templated":true}]}}