{"id":2198,"date":"2019-02-21T17:43:31","date_gmt":"2019-02-21T16:43:31","guid":{"rendered":"https:\/\/motovunfilmfestival.com\/mffnovo\/films-should-be-critical-and-socially-committed\/"},"modified":"2019-02-21T17:43:31","modified_gmt":"2019-02-21T16:43:31","slug":"films-should-be-critical-and-socially-committed","status":"publish","type":"post","link":"https:\/\/cinehill.eu\/en\/films-should-be-critical-and-socially-committed\/","title":{"rendered":"&#8216;Films should be critical and socially committed&#8217;"},"content":{"rendered":"<p>High Noonish program presented today this year&rsquo;s laureate of 50 Years Award Bogdan \u017di\u017ei\u0107. The film director and producer Nenad Puhovski spoke with him. In his long career \u017di\u017ei\u0107 directed a dozen feature-length fiction films but he is best known by one hundred or so various documentary and short films. He is one of the greatest and most productive documentary filmmakers and most awarded Croatian filmmakers in general.<\/p>\n<p>\tMarriage and film &ndash; similarities<\/p>\n<p>\tHaving completed his law studies he decided to give up divorce suits and switch to filmmaking. However, he says he can see many similarities between the two. \u017di\u017ei\u0107 compares the happiness at the beginning of marriage and subsequent gradual disappointment and degradation of the relationship with the process of filmmaking which, after the initial enthusiasm, can sometimes fail to bring satisfaction. As he explains it, this is one of the reasons that made him give up fiction films and turn to documentary films.<\/p>\n<p>\tLack of Trust in Protagonists<\/p>\n<p>\tThe most important aspect of film is its social commitment in the world we live in. He says that his films usually do not include dialogues because, in his opinion, witnesses are not reliable; they are often boring and not credible enough. This is why he writes his films based on facts and his own conclusions. Subjects such as repression, morale of victors of war and dubious reliability of human memory have always occupied him. He also joined his great friend Alfred pal, a painter, when he visited the Goli Otok communist labor camp where Pal had served time. As \u017di\u017ei\u0107 wants Pal to live in his memory in a nice and positive context, he avoided hard experiences and shared with the audience some joyful anecdotes of him and his friend Pal.<\/p>\n<p>\t\u017di\u017ei\u0107 spoke not only about his achievements on film, but also on the growing trend of nationalism which, in his opinion, is not patriotism but hatred against others. He also mentioned fascism and other types of oppression he had witnessed in his life and work. \u017di\u017ei\u0107 presented it all in his unique, picturesque way, which made the audience feel as if they were watching one of his films.<\/p>\n","protected":false},"excerpt":{"rendered":"<p>Nenad Puhovski&#8217;s interview with this year&#8217;s laureate of 50 Years Award Bogdan \u017di\u017ei\u0107.<\/p>\n","protected":false},"author":1,"featured_media":1758,"comment_status":"open","ping_status":"open","sticky":false,"template":"","format":"standard","meta":{"_acf_changed":false,"_monsterinsights_skip_tracking":false,"_monsterinsights_sitenote_active":false,"_monsterinsights_sitenote_note":"","_monsterinsights_sitenote_category":0,"_view_id":"","footnotes":""},"categories":[47,40],"tags":[],"class_list":["post-2198","post","type-post","status-publish","format-standard","has-post-thumbnail","hentry","category-mff-2017-en","category-news"],"acf":[],"yoast_head":"<!-- This site is optimized with the Yoast SEO plugin v26.9 - https:\/\/yoast.com\/product\/yoast-seo-wordpress\/ -->\n<title>&#039;Films should be critical and socially committed&#039; - Cinehill Film Festival<\/title>\n<meta name=\"robots\" content=\"index, follow, max-snippet:-1, max-image-preview:large, max-video-preview:-1\" \/>\n<link rel=\"canonical\" href=\"https:\/\/cinehill.eu\/en\/films-should-be-critical-and-socially-committed\/\" \/>\n<meta property=\"og:locale\" content=\"en_US\" \/>\n<meta property=\"og:type\" content=\"article\" \/>\n<meta property=\"og:title\" content=\"&#039;Films should be critical and socially committed&#039; - Cinehill Film Festival\" \/>\n<meta property=\"og:description\" content=\"Nenad Puhovski&#039;s interview with this year&#039;s laureate of 50 Years Award Bogdan \u017di\u017ei\u0107.\" \/>\n<meta property=\"og:url\" content=\"https:\/\/cinehill.eu\/en\/films-should-be-critical-and-socially-committed\/\" \/>\n<meta property=\"og:site_name\" content=\"Cinehill Film Festival\" \/>\n<meta property=\"article:publisher\" content=\"https:\/\/www.facebook.com\/MotovunFilmFestival\/\" \/>\n<meta property=\"article:published_time\" content=\"2019-02-21T16:43:31+00:00\" \/>\n<meta property=\"og:image\" content=\"https:\/\/cinehill.eu\/wp-content\/uploads\/2019\/02\/2a3e861e595fa6df640e261b0bcebe25.jpg\" \/>\n\t<meta property=\"og:image:width\" content=\"1024\" \/>\n\t<meta property=\"og:image:height\" content=\"567\" \/>\n\t<meta property=\"og:image:type\" content=\"image\/jpeg\" \/>\n<meta name=\"author\" content=\"admin\" \/>\n<meta name=\"twitter:card\" content=\"summary_large_image\" \/>\n<meta name=\"twitter:label1\" content=\"Written by\" \/>\n\t<meta name=\"twitter:data1\" content=\"admin\" \/>\n\t<meta name=\"twitter:label2\" content=\"Est. reading time\" \/>\n\t<meta name=\"twitter:data2\" content=\"2 minutes\" \/>\n<script type=\"application\/ld+json\" class=\"yoast-schema-graph\">{\"@context\":\"https:\/\/schema.org\",\"@graph\":[{\"@type\":\"Article\",\"@id\":\"https:\/\/cinehill.eu\/en\/films-should-be-critical-and-socially-committed\/#article\",\"isPartOf\":{\"@id\":\"https:\/\/cinehill.eu\/en\/films-should-be-critical-and-socially-committed\/\"},\"author\":{\"name\":\"admin\",\"@id\":\"https:\/\/cinehill.eu\/en\/#\/schema\/person\/915e384eff9d1f03144e88494586342d\"},\"headline\":\"&#8216;Films should be critical and socially committed&#8217;\",\"datePublished\":\"2019-02-21T16:43:31+00:00\",\"mainEntityOfPage\":{\"@id\":\"https:\/\/cinehill.eu\/en\/films-should-be-critical-and-socially-committed\/\"},\"wordCount\":375,\"commentCount\":0,\"publisher\":{\"@id\":\"https:\/\/cinehill.eu\/en\/#organization\"},\"image\":{\"@id\":\"https:\/\/cinehill.eu\/en\/films-should-be-critical-and-socially-committed\/#primaryimage\"},\"thumbnailUrl\":\"https:\/\/cinehill.eu\/wp-content\/uploads\/2019\/02\/2a3e861e595fa6df640e261b0bcebe25.jpg\",\"articleSection\":[\"MFF-2017\",\"News\"],\"inLanguage\":\"en-US\",\"potentialAction\":[{\"@type\":\"CommentAction\",\"name\":\"Comment\",\"target\":[\"https:\/\/cinehill.eu\/en\/films-should-be-critical-and-socially-committed\/#respond\"]}]},{\"@type\":\"WebPage\",\"@id\":\"https:\/\/cinehill.eu\/en\/films-should-be-critical-and-socially-committed\/\",\"url\":\"https:\/\/cinehill.eu\/en\/films-should-be-critical-and-socially-committed\/\",\"name\":\"'Films should be critical and socially committed' - Cinehill Film Festival\",\"isPartOf\":{\"@id\":\"https:\/\/cinehill.eu\/en\/#website\"},\"primaryImageOfPage\":{\"@id\":\"https:\/\/cinehill.eu\/en\/films-should-be-critical-and-socially-committed\/#primaryimage\"},\"image\":{\"@id\":\"https:\/\/cinehill.eu\/en\/films-should-be-critical-and-socially-committed\/#primaryimage\"},\"thumbnailUrl\":\"https:\/\/cinehill.eu\/wp-content\/uploads\/2019\/02\/2a3e861e595fa6df640e261b0bcebe25.jpg\",\"datePublished\":\"2019-02-21T16:43:31+00:00\",\"breadcrumb\":{\"@id\":\"https:\/\/cinehill.eu\/en\/films-should-be-critical-and-socially-committed\/#breadcrumb\"},\"inLanguage\":\"en-US\",\"potentialAction\":[{\"@type\":\"ReadAction\",\"target\":[\"https:\/\/cinehill.eu\/en\/films-should-be-critical-and-socially-committed\/\"]}]},{\"@type\":\"ImageObject\",\"inLanguage\":\"en-US\",\"@id\":\"https:\/\/cinehill.eu\/en\/films-should-be-critical-and-socially-committed\/#primaryimage\",\"url\":\"https:\/\/cinehill.eu\/wp-content\/uploads\/2019\/02\/2a3e861e595fa6df640e261b0bcebe25.jpg\",\"contentUrl\":\"https:\/\/cinehill.eu\/wp-content\/uploads\/2019\/02\/2a3e861e595fa6df640e261b0bcebe25.jpg\",\"width\":1024,\"height\":567},{\"@type\":\"BreadcrumbList\",\"@id\":\"https:\/\/cinehill.eu\/en\/films-should-be-critical-and-socially-committed\/#breadcrumb\",\"itemListElement\":[{\"@type\":\"ListItem\",\"position\":1,\"name\":\"Po\u010detna stranica\",\"item\":\"https:\/\/cinehill.eu\/en\/\"},{\"@type\":\"ListItem\",\"position\":2,\"name\":\"&#8216;Films should be critical and socially committed&#8217;\"}]},{\"@type\":\"WebSite\",\"@id\":\"https:\/\/cinehill.eu\/en\/#website\",\"url\":\"https:\/\/cinehill.eu\/en\/\",\"name\":\"Cinehill Film Festival\",\"description\":\"Cinehill je festival s du\u0161om!\",\"publisher\":{\"@id\":\"https:\/\/cinehill.eu\/en\/#organization\"},\"potentialAction\":[{\"@type\":\"SearchAction\",\"target\":{\"@type\":\"EntryPoint\",\"urlTemplate\":\"https:\/\/cinehill.eu\/en\/?s={search_term_string}\"},\"query-input\":{\"@type\":\"PropertyValueSpecification\",\"valueRequired\":true,\"valueName\":\"search_term_string\"}}],\"inLanguage\":\"en-US\"},{\"@type\":\"Organization\",\"@id\":\"https:\/\/cinehill.eu\/en\/#organization\",\"name\":\"Motovun film festival\",\"url\":\"https:\/\/cinehill.eu\/en\/\",\"logo\":{\"@type\":\"ImageObject\",\"inLanguage\":\"en-US\",\"@id\":\"https:\/\/cinehill.eu\/en\/#\/schema\/logo\/image\/\",\"url\":\"https:\/\/cinehill.eu\/wp-content\/uploads\/2019\/07\/znak-mff.png\",\"contentUrl\":\"https:\/\/cinehill.eu\/wp-content\/uploads\/2019\/07\/znak-mff.png\",\"width\":163,\"height\":164,\"caption\":\"Motovun film festival\"},\"image\":{\"@id\":\"https:\/\/cinehill.eu\/en\/#\/schema\/logo\/image\/\"},\"sameAs\":[\"https:\/\/www.facebook.com\/MotovunFilmFestival\/\"]},{\"@type\":\"Person\",\"@id\":\"https:\/\/cinehill.eu\/en\/#\/schema\/person\/915e384eff9d1f03144e88494586342d\",\"name\":\"admin\",\"image\":{\"@type\":\"ImageObject\",\"inLanguage\":\"en-US\",\"@id\":\"https:\/\/cinehill.eu\/en\/#\/schema\/person\/image\/\",\"url\":\"https:\/\/secure.gravatar.com\/avatar\/56f5bca796972347b650bc070bc4fc27bde548dac513a1931037623479d5beb9?s=96&d=mm&r=g\",\"contentUrl\":\"https:\/\/secure.gravatar.com\/avatar\/56f5bca796972347b650bc070bc4fc27bde548dac513a1931037623479d5beb9?s=96&d=mm&r=g\",\"caption\":\"admin\"},\"url\":\"https:\/\/cinehill.eu\/en\/author\/admin\/\"}]}<\/script>\n<!-- \/ Yoast SEO plugin. -->","yoast_head_json":{"title":"'Films should be critical and socially committed' - Cinehill Film Festival","robots":{"index":"index","follow":"follow","max-snippet":"max-snippet:-1","max-image-preview":"max-image-preview:large","max-video-preview":"max-video-preview:-1"},"canonical":"https:\/\/cinehill.eu\/en\/films-should-be-critical-and-socially-committed\/","og_locale":"en_US","og_type":"article","og_title":"'Films should be critical and socially committed' - Cinehill Film Festival","og_description":"Nenad Puhovski's interview with this year's laureate of 50 Years Award Bogdan \u017di\u017ei\u0107.","og_url":"https:\/\/cinehill.eu\/en\/films-should-be-critical-and-socially-committed\/","og_site_name":"Cinehill Film Festival","article_publisher":"https:\/\/www.facebook.com\/MotovunFilmFestival\/","article_published_time":"2019-02-21T16:43:31+00:00","og_image":[{"width":1024,"height":567,"url":"https:\/\/cinehill.eu\/wp-content\/uploads\/2019\/02\/2a3e861e595fa6df640e261b0bcebe25.jpg","type":"image\/jpeg"}],"author":"admin","twitter_card":"summary_large_image","twitter_misc":{"Written by":"admin","Est. reading time":"2 minutes"},"schema":{"@context":"https:\/\/schema.org","@graph":[{"@type":"Article","@id":"https:\/\/cinehill.eu\/en\/films-should-be-critical-and-socially-committed\/#article","isPartOf":{"@id":"https:\/\/cinehill.eu\/en\/films-should-be-critical-and-socially-committed\/"},"author":{"name":"admin","@id":"https:\/\/cinehill.eu\/en\/#\/schema\/person\/915e384eff9d1f03144e88494586342d"},"headline":"&#8216;Films should be critical and socially committed&#8217;","datePublished":"2019-02-21T16:43:31+00:00","mainEntityOfPage":{"@id":"https:\/\/cinehill.eu\/en\/films-should-be-critical-and-socially-committed\/"},"wordCount":375,"commentCount":0,"publisher":{"@id":"https:\/\/cinehill.eu\/en\/#organization"},"image":{"@id":"https:\/\/cinehill.eu\/en\/films-should-be-critical-and-socially-committed\/#primaryimage"},"thumbnailUrl":"https:\/\/cinehill.eu\/wp-content\/uploads\/2019\/02\/2a3e861e595fa6df640e261b0bcebe25.jpg","articleSection":["MFF-2017","News"],"inLanguage":"en-US","potentialAction":[{"@type":"CommentAction","name":"Comment","target":["https:\/\/cinehill.eu\/en\/films-should-be-critical-and-socially-committed\/#respond"]}]},{"@type":"WebPage","@id":"https:\/\/cinehill.eu\/en\/films-should-be-critical-and-socially-committed\/","url":"https:\/\/cinehill.eu\/en\/films-should-be-critical-and-socially-committed\/","name":"'Films should be critical and socially committed' - Cinehill Film Festival","isPartOf":{"@id":"https:\/\/cinehill.eu\/en\/#website"},"primaryImageOfPage":{"@id":"https:\/\/cinehill.eu\/en\/films-should-be-critical-and-socially-committed\/#primaryimage"},"image":{"@id":"https:\/\/cinehill.eu\/en\/films-should-be-critical-and-socially-committed\/#primaryimage"},"thumbnailUrl":"https:\/\/cinehill.eu\/wp-content\/uploads\/2019\/02\/2a3e861e595fa6df640e261b0bcebe25.jpg","datePublished":"2019-02-21T16:43:31+00:00","breadcrumb":{"@id":"https:\/\/cinehill.eu\/en\/films-should-be-critical-and-socially-committed\/#breadcrumb"},"inLanguage":"en-US","potentialAction":[{"@type":"ReadAction","target":["https:\/\/cinehill.eu\/en\/films-should-be-critical-and-socially-committed\/"]}]},{"@type":"ImageObject","inLanguage":"en-US","@id":"https:\/\/cinehill.eu\/en\/films-should-be-critical-and-socially-committed\/#primaryimage","url":"https:\/\/cinehill.eu\/wp-content\/uploads\/2019\/02\/2a3e861e595fa6df640e261b0bcebe25.jpg","contentUrl":"https:\/\/cinehill.eu\/wp-content\/uploads\/2019\/02\/2a3e861e595fa6df640e261b0bcebe25.jpg","width":1024,"height":567},{"@type":"BreadcrumbList","@id":"https:\/\/cinehill.eu\/en\/films-should-be-critical-and-socially-committed\/#breadcrumb","itemListElement":[{"@type":"ListItem","position":1,"name":"Po\u010detna stranica","item":"https:\/\/cinehill.eu\/en\/"},{"@type":"ListItem","position":2,"name":"&#8216;Films should be critical and socially committed&#8217;"}]},{"@type":"WebSite","@id":"https:\/\/cinehill.eu\/en\/#website","url":"https:\/\/cinehill.eu\/en\/","name":"Cinehill Film Festival","description":"Cinehill je festival s du\u0161om!","publisher":{"@id":"https:\/\/cinehill.eu\/en\/#organization"},"potentialAction":[{"@type":"SearchAction","target":{"@type":"EntryPoint","urlTemplate":"https:\/\/cinehill.eu\/en\/?s={search_term_string}"},"query-input":{"@type":"PropertyValueSpecification","valueRequired":true,"valueName":"search_term_string"}}],"inLanguage":"en-US"},{"@type":"Organization","@id":"https:\/\/cinehill.eu\/en\/#organization","name":"Motovun film festival","url":"https:\/\/cinehill.eu\/en\/","logo":{"@type":"ImageObject","inLanguage":"en-US","@id":"https:\/\/cinehill.eu\/en\/#\/schema\/logo\/image\/","url":"https:\/\/cinehill.eu\/wp-content\/uploads\/2019\/07\/znak-mff.png","contentUrl":"https:\/\/cinehill.eu\/wp-content\/uploads\/2019\/07\/znak-mff.png","width":163,"height":164,"caption":"Motovun film festival"},"image":{"@id":"https:\/\/cinehill.eu\/en\/#\/schema\/logo\/image\/"},"sameAs":["https:\/\/www.facebook.com\/MotovunFilmFestival\/"]},{"@type":"Person","@id":"https:\/\/cinehill.eu\/en\/#\/schema\/person\/915e384eff9d1f03144e88494586342d","name":"admin","image":{"@type":"ImageObject","inLanguage":"en-US","@id":"https:\/\/cinehill.eu\/en\/#\/schema\/person\/image\/","url":"https:\/\/secure.gravatar.com\/avatar\/56f5bca796972347b650bc070bc4fc27bde548dac513a1931037623479d5beb9?s=96&d=mm&r=g","contentUrl":"https:\/\/secure.gravatar.com\/avatar\/56f5bca796972347b650bc070bc4fc27bde548dac513a1931037623479d5beb9?s=96&d=mm&r=g","caption":"admin"},"url":"https:\/\/cinehill.eu\/en\/author\/admin\/"}]}},"_links":{"self":[{"href":"https:\/\/cinehill.eu\/en\/wp-json\/wp\/v2\/posts\/2198","targetHints":{"allow":["GET"]}}],"collection":[{"href":"https:\/\/cinehill.eu\/en\/wp-json\/wp\/v2\/posts"}],"about":[{"href":"https:\/\/cinehill.eu\/en\/wp-json\/wp\/v2\/types\/post"}],"author":[{"embeddable":true,"href":"https:\/\/cinehill.eu\/en\/wp-json\/wp\/v2\/users\/1"}],"replies":[{"embeddable":true,"href":"https:\/\/cinehill.eu\/en\/wp-json\/wp\/v2\/comments?post=2198"}],"version-history":[{"count":0,"href":"https:\/\/cinehill.eu\/en\/wp-json\/wp\/v2\/posts\/2198\/revisions"}],"wp:featuredmedia":[{"embeddable":true,"href":"https:\/\/cinehill.eu\/en\/wp-json\/wp\/v2\/media\/1758"}],"wp:attachment":[{"href":"https:\/\/cinehill.eu\/en\/wp-json\/wp\/v2\/media?parent=2198"}],"wp:term":[{"taxonomy":"category","embeddable":true,"href":"https:\/\/cinehill.eu\/en\/wp-json\/wp\/v2\/categories?post=2198"},{"taxonomy":"post_tag","embeddable":true,"href":"https:\/\/cinehill.eu\/en\/wp-json\/wp\/v2\/tags?post=2198"}],"curies":[{"name":"wp","href":"https:\/\/api.w.org\/{rel}","templated":true}]}}